{"id":36472,"date":"2017-05-23T16:24:11","date_gmt":"2017-05-23T21:24:11","guid":{"rendered":"https:\/\/radiowebmx.com\/nota\/?p=36472"},"modified":"2017-05-24T10:35:03","modified_gmt":"2017-05-24T15:35:03","slug":"festival-artistico-cultural-el-carmen-este-fin-de-semana-en-tlalpujahua","status":"publish","type":"post","link":"https:\/\/radiowebmx.com\/nota\/festival-artistico-cultural-el-carmen-este-fin-de-semana-en-tlalpujahua\/","title":{"rendered":"Festival Art\u00edstico Cultural \u201cEl Carmen\u201d, este fin de semana en Tlalpujahua"},"content":{"rendered":"<ul>\n<li>Los d\u00edas 27 y 28 de mayo, en Tlalpujahua, se llevar\u00e1 a cabo la d\u00e9cima edici\u00f3n del evento.<\/li>\n<\/ul>\n<p>&nbsp;<\/p>\n<ul>\n<li>Arte, cultura y gastronom\u00eda, parte de lo que se ofertar\u00e1 a los asistentes.<\/li>\n<\/ul>\n<p>&nbsp;<\/p>\n<ul>\n<li>En el festival se conmemorar\u00e1 el 80 aniversario de la tragedia de \u201cLas Lamas\u201d.<\/li>\n<\/ul>\n<p><a href=\"https:\/\/radiowebmx.com\/nota\/wp-content\/uploads\/2017\/05\/93facd5f-40da-4839-beaf-ec3336d6938c.jpg\"><img loading=\"lazy\" decoding=\"async\" class=\"alignnone size-medium wp-image-36473\" src=\"https:\/\/radiowebmx.com\/nota\/wp-content\/uploads\/2017\/05\/93facd5f-40da-4839-beaf-ec3336d6938c-595x395.jpg\" alt=\"\" width=\"595\" height=\"395\" srcset=\"https:\/\/radiowebmx.com\/nota\/wp-content\/uploads\/2017\/05\/93facd5f-40da-4839-beaf-ec3336d6938c-595x395.jpg 595w, https:\/\/radiowebmx.com\/nota\/wp-content\/uploads\/2017\/05\/93facd5f-40da-4839-beaf-ec3336d6938c.jpg 709w\" sizes=\"auto, (max-width: 595px) 100vw, 595px\" \/><\/a><\/p>\n<p>&nbsp;<\/p>\n<p><strong>Morelia, Michoac\u00e1n, a 23 de mayo de 2017.- <\/strong>El pr\u00f3ximo 27 y 28 de mayo, la Asociaci\u00f3n Civil El Carmen llevar\u00e1 a cabo el Festival Art\u00edstico Cultural, que en su 10 edici\u00f3n conmemora el 80 aniversario de la cat\u00e1strofe de \u201cLas Lamas\u201d.<\/p>\n<p>En rueda de prensa realizada en el Centro Cultural Clavijero (CCC), los organizadores se\u00f1alaron que el Festival tendr\u00e1 como prop\u00f3sito primordial promover las manifestaciones y expresiones Art\u00edstico-Culturales de los pobladores del municipio, as\u00ed como las artesan\u00edas y gastronom\u00eda local, regional y del estado.<\/p>\n<p>Busca tambi\u00e9n dar a conocer a las nuevas generaciones un suceso hist\u00f3rico que marc\u00f3 la vida de los tlalpujahuenses y fue un detonante en su desarrollo econ\u00f3mico y cultural.<\/p>\n<p>\u201cQuiero agradecer a la Secretar\u00eda de Cultura de Michoac\u00e1n que nos est\u00e1 dando el espacio para dar a conocer las actividades del festival que se hace con motivo del 80 aniversario del suceso hist\u00f3rico denominado tragedia de Las Lamas. Nosotros vamos a presentar desde gastronom\u00eda, danza, m\u00fasica, poes\u00eda, talleres, artesan\u00edas \u00bfpor qu\u00e9 todo este tipo de actividades? Estamos nosotros convencidos de que la educaci\u00f3n y la cultura, definitivamente, son entes elementales para el desarrollo de una sociedad\u201d, se\u00f1al\u00f3 Mar\u00eda Teresa L\u00f3pez Laredo, representante de El Carmen A. C.<\/p>\n<p>De igual forma destac\u00f3 la presentaci\u00f3n de un libro, la realizaci\u00f3n de 6 talleres, adem\u00e1s de la participaci\u00f3n de diversos artistas, y una exposici\u00f3n fotogr\u00e1fica en la que se mostrar\u00e1n la tragedia de Las Lamas. Sin dejar de lado una muestra en \u00f3leo de un artista proveniente de la Ciudad de M\u00e9xico.<\/p>\n<p>A lo largo del festival se har\u00e1 uso de diversos espacios p\u00fablicos tales como La Plazuela L\u00e1zaro C\u00e1rdenas, el Claustro del Convento de Guadalupe, y la Torre Antigua de Nuestra Se\u00f1ora del Carmen.<\/p>\n<p>El Festival dar\u00e1 inicio el 27 de mayo con la inauguraci\u00f3n protocolaria, para dar continuidad con la programaci\u00f3n art\u00edstico cultural, expoventa artesanal (en la que estar\u00e1n aproximadamente 180 artistas) y gastronom\u00eda.<\/p>\n<p>El Carmen A.C., inicia su labor en octubre de 2007, orientada a la promoci\u00f3n y el fortalecimiento de la cultura popular del municipio.<\/p>\n<p>En este sentido, Tlalpujahua, Michoac\u00e1n, lugar denominado \u201cPueblo M\u00e1gico\u201d debido a su riqueza hist\u00f3rica, cultural y natural, cuenta con un potencial susceptible de ser aprovechado a favor del desarrollo art\u00edstico-cultural de personas, grupos y comunidades locales.<\/p>\n<p>Por su parte, Jos\u00e9 Guadalupe Segura Jacobo, artesano de juguete popular de Angangueo, y quien estuvo presente en el encuentro con los medios, se\u00f1al\u00f3 que su actividad es promocionar el juguete artesanal para que no se pierda entre los j\u00f3venes, por lo que en el evento tambi\u00e9n se har\u00e1 muestra de dichos elementos. Cabe se\u00f1alar que Segura Jacobo obtuvo en 2016 en Paracho, el primer lugar en el \u201cConcurso de Juguete Tradicional Mexicano\u201d.<\/p>\n<p>Mientras que Miguel \u00c1ngel Hern\u00e1ndez P\u00e9rez, artesano de cantera, de Tlalpujahuilla, Michoac\u00e1n, invit\u00f3 a todo p\u00fablico a disfrutar del festival \u201cEl Carmen\u201d.<\/p>\n<p><strong>Programa de actividades<\/strong><\/p>\n<p>S\u00e1bado 27 de mayo (en la Plazuela L\u00e1zaro C\u00e1rdenas)<\/p>\n<p>-10:30 <strong>Danza Prehisp\u00e1nica<\/strong><\/p>\n<p>Grupo \u201cTlaltlau Xiukoatl\u201d, Universidad Intercultural del<\/p>\n<p>Estado de M\u00e9xico.<\/p>\n<p>Directora: Ver\u00f3nica Trujillo Mendoza<\/p>\n<p>(No tona kaj kampa kaneki)<\/p>\n<p>San Felipe del Progreso, M\u00e9x.<\/p>\n<p>-11:30 <strong>Orquesta \u201cCenobio Paniagua\u201d<\/strong><\/p>\n<p>Direcci\u00f3n de Cultura<\/p>\n<p>Director: C. Cesar Alfonso Mart\u00ednez Legorreta<\/p>\n<p>Tlalpujahua, Michoac\u00e1n.<\/p>\n<p>-13:00 <strong>Banda Sinf\u00f3nica<\/strong><\/p>\n<p>Instituto Profesional de la Ense\u00f1anza y Formaci\u00f3n<\/p>\n<p>Humana (IPEFH)<\/p>\n<p>Director: C. Luis Antonio Garc\u00eda Cuevas<\/p>\n<p>Toluca, M\u00e9xico.<\/p>\n<p>-14:30 <strong>Cuenta Cuentos<\/strong><\/p>\n<p>C. Gabriela Ortiz (Guita)<\/p>\n<p>Universidad Aut\u00f3noma del Estado de M\u00e9xico.<\/p>\n<p>Toluca, M\u00e9xico.<\/p>\n<p>-15:45 <strong>Rock<\/strong><\/p>\n<p>C. Pedro Sandoval<\/p>\n<p>Universidad Aut\u00f3noma del Estado de M\u00e9xico<\/p>\n<p>Toluca, M\u00e9xico.<\/p>\n<p>-17:30 <strong>Tango<\/strong><\/p>\n<p>Grupo Alma de tango<\/p>\n<p>Directora: C. Alma Navarro<\/p>\n<p>Toluca, M\u00e9xico.<\/p>\n<p>-19:00 <strong>Coloquio Literario: Poes\u00eda y Canto al Amor<\/strong><\/p>\n<p>Proyecto Cultural Sur Michoac\u00e1n:<\/p>\n<p>Antol\u00edn Orozco Luviano<\/p>\n<p>Evelia Flores R\u00edos<\/p>\n<p>1. Intervenci\u00f3n musical.<\/p>\n<p>2. Mesas de lectura y poes\u00eda.<\/p>\n<p>3. Declamaci\u00f3n<\/p>\n<p>Morelia, Michoac\u00e1n.<\/p>\n<p>-20:00 <strong>Son Jarocho<\/strong><\/p>\n<p>Grupo Matarileriler\u00f3<\/p>\n<p>Director: C. Ulises Trejo Amador<\/p>\n<p>Ciudad de M\u00e9xico.<\/p>\n<p><strong>Lanzamiento Globos Cantoya<\/strong><\/p>\n<p>Grupo: Cantoyus<\/p>\n<p>Morelia, Michoac\u00e1n.<\/p>\n<p>Domingo 28 (en la Plazuela L\u00e1zaro C\u00e1rdenas)<\/p>\n<p>-09:00 <strong>Academia de M\u00fasica Zu\u00f1iga<\/strong><\/p>\n<p>Directora: Luz Mar\u00eda Ch\u00e1vez Serrato<\/p>\n<p>Uruapan, Michoac\u00e1n.<\/p>\n<p>-09:40 <strong>Fusi\u00f3n Urbana<\/strong><\/p>\n<p>Grupo Art+Dance<\/p>\n<p>Directora: C. Cyania Cort\u00e9s Padilla<\/p>\n<p>Jiquilpan, Michoac\u00e1n.<\/p>\n<p>-10:30 Concierto de Guitarra Cl\u00e1sica<\/p>\n<p>Javier Hern\u00e1ndez Tagle<\/p>\n<p>Secretar\u00eda de Cultura del Estado de M\u00e9xico<\/p>\n<p>Toluca, M\u00e9xico.<\/p>\n<p>-11:30 <strong>Trova, Folclor Latinoamericano y M\u00fasica<\/strong><\/p>\n<p><strong>Popular Mexicana<\/strong><\/p>\n<p>Ingrid Lozano<\/p>\n<p>Universidad Aut\u00f3noma del Estado de M\u00e9xico,<\/p>\n<p>Toluca, M\u00e9xico.<\/p>\n<p>-12:40 <strong>M\u00fasica Popular<\/strong><\/p>\n<p>Corrido Jueves de Corpus<\/p>\n<p>C. J. Carmen Mart\u00ednez Castro<\/p>\n<p>Tlalpujahua, Michoac\u00e1n.<\/p>\n<p>-13:00 <strong>Ballet Folcl\u00f3rico del Estado de M\u00e9xico<\/strong><\/p>\n<p>Secretar\u00eda de Cultura del Estado de M\u00e9xico<\/p>\n<p>Naucalpan, M\u00e9xico.<\/p>\n<p>-14:30 <strong>Teatro Gui\u00f1ol<\/strong><\/p>\n<p>Compa\u00f1\u00eda de T\u00edteres Laloco y sus Alebrijes<\/p>\n<p>Eduardo D\u00edaz Moreno<\/p>\n<p>Casa de Cultura, El Oro, M\u00e9xico.<\/p>\n<p>-17:00 Danza \u00e1rabe<\/p>\n<p>Grupo Deka Belly Dance<\/p>\n<p>Directora: Melissa Arreola Carvajal<\/p>\n<p>Morelia, Michoac\u00e1n.<\/p>\n<p>-18:00 <strong>Clausura del x festival<\/strong><\/p>\n<p>RITUAL PREHISP\u00c1NICO<\/p>\n<p>Grupo \u201cTlaltlau Xiukoatl\u201d<\/p>\n<p>Universidad Intercultural del Estado de M\u00e9xico.<\/p>\n<p>Directora: C. Ver\u00f3nica Trujillo Mendoza<\/p>\n","protected":false},"excerpt":{"rendered":"<p>Los d\u00edas 27 y 28 de mayo, en Tlalpujahua, se llevar\u00e1 a cabo la d\u00e9cima edici\u00f3n del evento. &nbsp; Arte, cultura y gastronom\u00eda, parte de lo que se ofertar\u00e1 a los asistentes. &nbsp; En el festival se conmemorar\u00e1 el 80 aniversario de la tragedia de \u201cLas Lamas\u201d. &nbsp; Morelia, Michoac\u00e1n, a 23 de mayo de [&hellip;]<\/p>\n","protected":false},"author":2,"featured_media":36473,"comment_status":"closed","ping_status":"closed","sticky":false,"template":"","format":"standard","meta":{"footnotes":""},"categories":[14,3],"tags":[],"class_list":["post-36472","post","type-post","status-publish","format-standard","has-post-thumbnail","hentry","category-destacadas","category-gobierno-del-estado-de-michoacan"],"_links":{"self":[{"href":"https:\/\/radiowebmx.com\/nota\/wp-json\/wp\/v2\/posts\/36472","targetHints":{"allow":["GET"]}}],"collection":[{"href":"https:\/\/radiowebmx.com\/nota\/wp-json\/wp\/v2\/posts"}],"about":[{"href":"https:\/\/radiowebmx.com\/nota\/wp-json\/wp\/v2\/types\/post"}],"author":[{"embeddable":true,"href":"https:\/\/radiowebmx.com\/nota\/wp-json\/wp\/v2\/users\/2"}],"replies":[{"embeddable":true,"href":"https:\/\/radiowebmx.com\/nota\/wp-json\/wp\/v2\/comments?post=36472"}],"version-history":[{"count":1,"href":"https:\/\/radiowebmx.com\/nota\/wp-json\/wp\/v2\/posts\/36472\/revisions"}],"predecessor-version":[{"id":36474,"href":"https:\/\/radiowebmx.com\/nota\/wp-json\/wp\/v2\/posts\/36472\/revisions\/36474"}],"wp:featuredmedia":[{"embeddable":true,"href":"https:\/\/radiowebmx.com\/nota\/wp-json\/wp\/v2\/media\/36473"}],"wp:attachment":[{"href":"https:\/\/radiowebmx.com\/nota\/wp-json\/wp\/v2\/media?parent=36472"}],"wp:term":[{"taxonomy":"category","embeddable":true,"href":"https:\/\/radiowebmx.com\/nota\/wp-json\/wp\/v2\/categories?post=36472"},{"taxonomy":"post_tag","embeddable":true,"href":"https:\/\/radiowebmx.com\/nota\/wp-json\/wp\/v2\/tags?post=36472"}],"curies":[{"name":"wp","href":"https:\/\/api.w.org\/{rel}","templated":true}]}}