{"id":36466,"date":"2017-05-23T15:42:42","date_gmt":"2017-05-23T20:42:42","guid":{"rendered":"https:\/\/radiowebmx.com\/nota\/?p=36466"},"modified":"2017-05-24T10:27:39","modified_gmt":"2017-05-24T15:27:39","slug":"ratifica-gobierno-del-estado-compromiso-con-la-umsnh","status":"publish","type":"post","link":"https:\/\/radiowebmx.com\/nota\/ratifica-gobierno-del-estado-compromiso-con-la-umsnh\/","title":{"rendered":"Ratifica Gobierno del Estado compromiso con la UMSNH"},"content":{"rendered":"<p><a href=\"https:\/\/radiowebmx.com\/nota\/wp-content\/uploads\/2017\/05\/dbb28d7b-163d-4f47-889e-96699b04a38b.jpg\"><img loading=\"lazy\" decoding=\"async\" class=\"alignnone size-medium wp-image-36467\" src=\"https:\/\/radiowebmx.com\/nota\/wp-content\/uploads\/2017\/05\/dbb28d7b-163d-4f47-889e-96699b04a38b-595x396.jpg\" alt=\"\" width=\"595\" height=\"396\" srcset=\"https:\/\/radiowebmx.com\/nota\/wp-content\/uploads\/2017\/05\/dbb28d7b-163d-4f47-889e-96699b04a38b-595x396.jpg 595w, https:\/\/radiowebmx.com\/nota\/wp-content\/uploads\/2017\/05\/dbb28d7b-163d-4f47-889e-96699b04a38b.jpg 709w\" sizes=\"auto, (max-width: 595px) 100vw, 595px\" \/><\/a><\/p>\n<p>&nbsp;<\/p>\n<p><strong>Morelia, Michoac\u00e1n, a 23 de mayo de 2017.-<\/strong> El Gobierno del Estado, que encabeza Silvano Aureoles Conejo, est\u00e1 comprometido con la Universidad Michoacana de San Nicol\u00e1s de Hidalgo (UMSNH) y con el bienestar de sus estudiantes, acad\u00e9micos y trabajadores, afirm\u00f3 el coordinador de Asesores del Ejecutivo, Antonio Soto S\u00e1nchez, durante la ceremonia conmemorativa del D\u00eda del Empleado Universitario.<\/p>\n<p>Al acudir a este evento con la representaci\u00f3n del Gobernador Silvano Aureoles, el funcionario estatal se pronunci\u00f3 por que sea el di\u00e1logo la v\u00eda permanente con las organizaciones sindicales para conjuntar esfuerzos que superen las problem\u00e1ticas coyunturales derivadas de temas presupuestales, priorizando en todo momento la calidad de la educaci\u00f3n de las y los nicolaitas.<\/p>\n<p>&#8220;Reconocemos la lucha hist\u00f3rica del Sindicato \u00danico de Empleados de la Universidad Michoacana (SUEUM), el cual suma 79 a\u00f1os velando por que sus agremiados\u00a0 tengan una vida digna producto de su trabajo diario en pro de la educaci\u00f3n&#8221;, indic\u00f3 Soto S\u00e1nchez.<\/p>\n<p>Presidieron el evento el secretario de Difusi\u00f3n Cultural y Extensi\u00f3n Universitaria de la UMSNH, Orlando Vallejo Figueroa, quien asisti\u00f3 con la representaci\u00f3n del rector nicolaita, Medardo Serna Gonz\u00e1lez; los l\u00edderes del SUEUM y del Sindicato de Trabajadores al Servicio del Poder Ejecutivo, Eduardo Tena Flores y Antonio Ferreyra Pi\u00f1\u00f3n.<\/p>\n","protected":false},"excerpt":{"rendered":"<p>&nbsp; Morelia, Michoac\u00e1n, a 23 de mayo de 2017.- El Gobierno del Estado, que encabeza Silvano Aureoles Conejo, est\u00e1 comprometido con la Universidad Michoacana de San Nicol\u00e1s de Hidalgo (UMSNH) y con el bienestar de sus estudiantes, acad\u00e9micos y trabajadores, afirm\u00f3 el coordinador de Asesores del Ejecutivo, Antonio Soto S\u00e1nchez, durante la ceremonia conmemorativa del [&hellip;]<\/p>\n","protected":false},"author":2,"featured_media":36467,"comment_status":"closed","ping_status":"closed","sticky":false,"template":"","format":"standard","meta":{"footnotes":""},"categories":[14,3],"tags":[],"class_list":["post-36466","post","type-post","status-publish","format-standard","has-post-thumbnail","hentry","category-destacadas","category-gobierno-del-estado-de-michoacan"],"_links":{"self":[{"href":"https:\/\/radiowebmx.com\/nota\/wp-json\/wp\/v2\/posts\/36466","targetHints":{"allow":["GET"]}}],"collection":[{"href":"https:\/\/radiowebmx.com\/nota\/wp-json\/wp\/v2\/posts"}],"about":[{"href":"https:\/\/radiowebmx.com\/nota\/wp-json\/wp\/v2\/types\/post"}],"author":[{"embeddable":true,"href":"https:\/\/radiowebmx.com\/nota\/wp-json\/wp\/v2\/users\/2"}],"replies":[{"embeddable":true,"href":"https:\/\/radiowebmx.com\/nota\/wp-json\/wp\/v2\/comments?post=36466"}],"version-history":[{"count":1,"href":"https:\/\/radiowebmx.com\/nota\/wp-json\/wp\/v2\/posts\/36466\/revisions"}],"predecessor-version":[{"id":36468,"href":"https:\/\/radiowebmx.com\/nota\/wp-json\/wp\/v2\/posts\/36466\/revisions\/36468"}],"wp:featuredmedia":[{"embeddable":true,"href":"https:\/\/radiowebmx.com\/nota\/wp-json\/wp\/v2\/media\/36467"}],"wp:attachment":[{"href":"https:\/\/radiowebmx.com\/nota\/wp-json\/wp\/v2\/media?parent=36466"}],"wp:term":[{"taxonomy":"category","embeddable":true,"href":"https:\/\/radiowebmx.com\/nota\/wp-json\/wp\/v2\/categories?post=36466"},{"taxonomy":"post_tag","embeddable":true,"href":"https:\/\/radiowebmx.com\/nota\/wp-json\/wp\/v2\/tags?post=36466"}],"curies":[{"name":"wp","href":"https:\/\/api.w.org\/{rel}","templated":true}]}}