{"id":36460,"date":"2017-05-23T15:26:56","date_gmt":"2017-05-23T20:26:56","guid":{"rendered":"https:\/\/radiowebmx.com\/nota\/?p=36460"},"modified":"2017-05-24T10:19:23","modified_gmt":"2017-05-24T15:19:23","slug":"en-el-pabellon-artesanal-de-la-expo-fiesta-michoacan-2017-ventas-por-mas-de-3-mdp","status":"publish","type":"post","link":"https:\/\/radiowebmx.com\/nota\/en-el-pabellon-artesanal-de-la-expo-fiesta-michoacan-2017-ventas-por-mas-de-3-mdp\/","title":{"rendered":"En el Pabell\u00f3n Artesanal de la Expo Fiesta Michoac\u00e1n 2017, ventas por m\u00e1s de 3 mdp"},"content":{"rendered":"<p><a href=\"https:\/\/radiowebmx.com\/nota\/wp-content\/uploads\/2017\/05\/f7c402df-1f3d-4271-98db-e7d6dd3bd1dd.jpg\"><img loading=\"lazy\" decoding=\"async\" class=\"alignnone size-medium wp-image-36461\" src=\"https:\/\/radiowebmx.com\/nota\/wp-content\/uploads\/2017\/05\/f7c402df-1f3d-4271-98db-e7d6dd3bd1dd-595x446.jpg\" alt=\"\" width=\"595\" height=\"446\" srcset=\"https:\/\/radiowebmx.com\/nota\/wp-content\/uploads\/2017\/05\/f7c402df-1f3d-4271-98db-e7d6dd3bd1dd-595x446.jpg 595w, https:\/\/radiowebmx.com\/nota\/wp-content\/uploads\/2017\/05\/f7c402df-1f3d-4271-98db-e7d6dd3bd1dd.jpg 709w\" sizes=\"auto, (max-width: 595px) 100vw, 595px\" \/><\/a><\/p>\n<p>&nbsp;<\/p>\n<p><strong>Morelia, Michoac\u00e1n, a 23 de mayo de 2017.-<\/strong> Durante los 24 d\u00edas de la Expo Fiesta Michoac\u00e1n 2017, el Pabell\u00f3n Artesanal tuvo una gran afluencia de visitantes, quienes compraron piezas por un monto de 3 millones 200 mil pesos, en beneficio de las familias de los 240\u00a0 art\u00edfices participantes provenientes de 28 localidades del estado, inform\u00f3 el director general del Instituto del Artesano Michoacano (IAM), Claudio M\u00e9ndez Fern\u00e1ndez.<\/p>\n<p>Asimismo, destac\u00f3 que se atendieron a 675 ni\u00f1os de diferentes escuelas y colegios del estado, con la realizaci\u00f3n de nueve talleres artesanales en la rama de alfarer\u00eda, quienes conocieron sobre \u00e9sta y todas las ramas artesanales que se trabajan en la entidad.<\/p>\n<p>El titular del IAM refiri\u00f3 que los visitantes al Pabell\u00f3n Artesanal pudieron observar diferentes atractivos, como las exhibiciones de los artesanos en rama de madera, quienes causaron admiraci\u00f3n por su creatividad para elaborar m\u00e1scaras, entre otras piezas.<\/p>\n<p>Adem\u00e1s, en este pabell\u00f3n los art\u00edfices explicaban el proceso para terminar piezas de alfarer\u00eda, textil, juguetes, muebles, cobre martillado, laca perfilada, huaraches, sillas y utensilios de madera, guitarras, fibra vegetal, plata, granadillo en torno, madera torneada, entre otras.<\/p>\n<p>La presidenta del Uni\u00f3n Estatal de Artesanos de Michoac\u00e1n, Emilia Reyes Oseguera, consider\u00f3 que la venta de artesan\u00eda fue buena, \u201cya que hubo compa\u00f1eros que regresaron a sus localidades por m\u00e1s piezas para vender m\u00e1s en el Pabell\u00f3n Artesanal\u201d.<\/p>\n<p>Adem\u00e1s, agradeci\u00f3 al IAM los apoyos que brind\u00f3 a los art\u00edfices que durante los 24 d\u00edas de la Expo Fiesta Michoac\u00e1n 2017 exhibieron y vendieron sus creaciones en el Pabell\u00f3n Artesanal, como alimentos, transporte y albergues para su descanso y aseo personal.<\/p>\n","protected":false},"excerpt":{"rendered":"<p>&nbsp; Morelia, Michoac\u00e1n, a 23 de mayo de 2017.- Durante los 24 d\u00edas de la Expo Fiesta Michoac\u00e1n 2017, el Pabell\u00f3n Artesanal tuvo una gran afluencia de visitantes, quienes compraron piezas por un monto de 3 millones 200 mil pesos, en beneficio de las familias de los 240\u00a0 art\u00edfices participantes provenientes de 28 localidades del [&hellip;]<\/p>\n","protected":false},"author":2,"featured_media":36461,"comment_status":"closed","ping_status":"closed","sticky":false,"template":"","format":"standard","meta":{"footnotes":""},"categories":[14,3],"tags":[],"class_list":["post-36460","post","type-post","status-publish","format-standard","has-post-thumbnail","hentry","category-destacadas","category-gobierno-del-estado-de-michoacan"],"_links":{"self":[{"href":"https:\/\/radiowebmx.com\/nota\/wp-json\/wp\/v2\/posts\/36460","targetHints":{"allow":["GET"]}}],"collection":[{"href":"https:\/\/radiowebmx.com\/nota\/wp-json\/wp\/v2\/posts"}],"about":[{"href":"https:\/\/radiowebmx.com\/nota\/wp-json\/wp\/v2\/types\/post"}],"author":[{"embeddable":true,"href":"https:\/\/radiowebmx.com\/nota\/wp-json\/wp\/v2\/users\/2"}],"replies":[{"embeddable":true,"href":"https:\/\/radiowebmx.com\/nota\/wp-json\/wp\/v2\/comments?post=36460"}],"version-history":[{"count":1,"href":"https:\/\/radiowebmx.com\/nota\/wp-json\/wp\/v2\/posts\/36460\/revisions"}],"predecessor-version":[{"id":36462,"href":"https:\/\/radiowebmx.com\/nota\/wp-json\/wp\/v2\/posts\/36460\/revisions\/36462"}],"wp:featuredmedia":[{"embeddable":true,"href":"https:\/\/radiowebmx.com\/nota\/wp-json\/wp\/v2\/media\/36461"}],"wp:attachment":[{"href":"https:\/\/radiowebmx.com\/nota\/wp-json\/wp\/v2\/media?parent=36460"}],"wp:term":[{"taxonomy":"category","embeddable":true,"href":"https:\/\/radiowebmx.com\/nota\/wp-json\/wp\/v2\/categories?post=36460"},{"taxonomy":"post_tag","embeddable":true,"href":"https:\/\/radiowebmx.com\/nota\/wp-json\/wp\/v2\/tags?post=36460"}],"curies":[{"name":"wp","href":"https:\/\/api.w.org\/{rel}","templated":true}]}}