{"id":3646,"date":"2013-08-26T13:50:19","date_gmt":"2013-08-26T18:50:19","guid":{"rendered":"https:\/\/radiowebmx.com\/nota\/?p=3646"},"modified":"2013-08-26T13:50:19","modified_gmt":"2013-08-26T18:50:19","slug":"concluye-diplomado-de-informatica-para-elevar-calidad-de-la-educacion","status":"publish","type":"post","link":"https:\/\/radiowebmx.com\/nota\/concluye-diplomado-de-informatica-para-elevar-calidad-de-la-educacion\/","title":{"rendered":"CONCLUYE DIPLOMADO DE INFORM\u00c1TICA PARA ELEVAR CALIDAD DE LA EDUCACI\u00d3N"},"content":{"rendered":"<p><a href=\"https:\/\/radiowebmx.com\/nota\/wp-content\/uploads\/2013\/08\/IMG_4443.jpg\"><img loading=\"lazy\" decoding=\"async\" class=\"alignleft size-full wp-image-3647\" alt=\"IMG_4443\" src=\"https:\/\/radiowebmx.com\/nota\/wp-content\/uploads\/2013\/08\/IMG_4443.jpg\" width=\"591\" height=\"328\" \/><\/a>La Secretar\u00eda de Educaci\u00f3n\u00a0 en Michoac\u00e1n entreg\u00f3 reconocimientos a 320 docentes, administrativos, personal de apoyo a la educaci\u00f3n y trabajadores del Instituto Nacional para la Educaci\u00f3n de los Adultos (INEA), por su participaci\u00f3n en el diplomado \u201cCompetencias B\u00e1sicas de la Inform\u00e1tica para Elevar la Calidad de la Educaci\u00f3n\u201d. <b><\/b><\/p>\n<p>La directora de Educaci\u00f3n Extraescolar, Judith C\u00e1rdenas Campos, se\u00f1al\u00f3 que con este curso, se busca que los trabajadores de la Secretar\u00eda de Educaci\u00f3n y de otras instituciones p\u00fablicas, se actualicen en el uso de las tecnolog\u00edas de la comunicaci\u00f3n y la informaci\u00f3n, para que puedan hacer de ellas una herramienta\u00a0 que les ayude a desempe\u00f1ar su trabajo con eficacia.<\/p>\n<p>En este contexto, C\u00e1rdenas Campos inform\u00f3 que a trav\u00e9s de este diplomado, se favorecen las competencias b\u00e1sicas y avanzadas en materia de computaci\u00f3n, por lo que algunos de los programas que ofertaron en esta ocasi\u00f3n son Word, Excel, Power Point\u00a0 y\u00a0 Publisher.<\/p>\n<p>Por su parte, el delegado del Instituto Nacional para la Educaci\u00f3n de los Adultos, Juan Jos\u00e9 D\u00edaz Barriga Vargas, agradeci\u00f3 el inter\u00e9s que la Secretar\u00eda de Educaci\u00f3n ha puesto para abrir espacios de capacitaci\u00f3n para los trabajadores del INEA, porque \u201ces muy importante que la poblaci\u00f3n vea que el personal se capacita de manera continua para brindar un servicio de calidad a los usuarios\u201d, se\u00f1al\u00f3.<\/p>\n<p>Tambi\u00e9n, dej\u00f3 en claro que en este mundo globalizado, \u201cla tecnolog\u00eda es un factor que nos rebasa todos los d\u00edas, es por eso que es necesario que la gente tome conciencia de la importancia de aprender \u00a0a utilizar las Tecnolog\u00edas de la Informaci\u00f3n y la Comunicaci\u00f3n\u201d.<\/p>\n<p>Cabe mencionar que se tienen programados nuevos cursos y diplomados que vinculen no s\u00f3lo a los empleados de INEA, sino tambi\u00e9n a todas las figuras que son beneficiadas por los programas educativos que esta instituci\u00f3n representa, como Atenci\u00f3n a ni\u00f1os jornaleros agr\u00edcolas migrantes; el Modelo de educaci\u00f3n para la vida y el trabajo; as\u00ed como el bachillerato y educaci\u00f3n primaria y secundaria.<\/p>\n","protected":false},"excerpt":{"rendered":"<p>La Secretar\u00eda de Educaci\u00f3n  en Michoac\u00e1n entreg\u00f3 reconocimientos a 320 docentes, administrativos, personal de apoyo a la educaci\u00f3n y trabajadores del Instituto Nacional para la Educaci\u00f3n de los Adultos (INEA), <\/p>\n","protected":false},"author":1,"featured_media":0,"comment_status":"open","ping_status":"open","sticky":false,"template":"","format":"standard","meta":{"footnotes":""},"categories":[14,3],"tags":[],"class_list":["post-3646","post","type-post","status-publish","format-standard","hentry","category-destacadas","category-gobierno-del-estado-de-michoacan"],"_links":{"self":[{"href":"https:\/\/radiowebmx.com\/nota\/wp-json\/wp\/v2\/posts\/3646","targetHints":{"allow":["GET"]}}],"collection":[{"href":"https:\/\/radiowebmx.com\/nota\/wp-json\/wp\/v2\/posts"}],"about":[{"href":"https:\/\/radiowebmx.com\/nota\/wp-json\/wp\/v2\/types\/post"}],"author":[{"embeddable":true,"href":"https:\/\/radiowebmx.com\/nota\/wp-json\/wp\/v2\/users\/1"}],"replies":[{"embeddable":true,"href":"https:\/\/radiowebmx.com\/nota\/wp-json\/wp\/v2\/comments?post=3646"}],"version-history":[{"count":1,"href":"https:\/\/radiowebmx.com\/nota\/wp-json\/wp\/v2\/posts\/3646\/revisions"}],"predecessor-version":[{"id":3648,"href":"https:\/\/radiowebmx.com\/nota\/wp-json\/wp\/v2\/posts\/3646\/revisions\/3648"}],"wp:attachment":[{"href":"https:\/\/radiowebmx.com\/nota\/wp-json\/wp\/v2\/media?parent=3646"}],"wp:term":[{"taxonomy":"category","embeddable":true,"href":"https:\/\/radiowebmx.com\/nota\/wp-json\/wp\/v2\/categories?post=3646"},{"taxonomy":"post_tag","embeddable":true,"href":"https:\/\/radiowebmx.com\/nota\/wp-json\/wp\/v2\/tags?post=3646"}],"curies":[{"name":"wp","href":"https:\/\/api.w.org\/{rel}","templated":true}]}}