{"id":36457,"date":"2017-05-23T15:06:54","date_gmt":"2017-05-23T20:06:54","guid":{"rendered":"https:\/\/radiowebmx.com\/nota\/?p=36457"},"modified":"2017-05-24T10:11:32","modified_gmt":"2017-05-24T15:11:32","slug":"celebran-en-el-zoologico-de-morelia-la-7a-semana-de-la-diversidad-biologica","status":"publish","type":"post","link":"https:\/\/radiowebmx.com\/nota\/celebran-en-el-zoologico-de-morelia-la-7a-semana-de-la-diversidad-biologica\/","title":{"rendered":"Celebran en el Zool\u00f3gico de Morelia la 7\u00aa Semana de la Diversidad Biol\u00f3gica"},"content":{"rendered":"<p><strong>Morelia, Michoac\u00e1n, a 23 de mayo de 2017.-<\/strong> El Parque Zool\u00f3gico \u201cBenito Ju\u00e1rez\u201d y las secretar\u00eda de Innovaci\u00f3n, Ciencia y Desarrollo Tecnol\u00f3gico (Sicdet) y de Medio Ambiente, Recursos Naturales y Cambio Clim\u00e1tico (Semarnacc), realizan actividades para conmemorar la 7\u00aa Semana de la Diversidad Biol\u00f3gica.<\/p>\n<p>La ma\u00f1ana de este martes en el recinto faun\u00edstico se dieron cita alrededor de 60 estudiantes de la Facultad de Veterinaria para participar en el Safari Naturalista, actividad que consiste en recorrer las instalaciones del parque y capturar im\u00e1genes de la fauna silvestre que habita fuera de los albergues para posteriormente subirlas a la plataforma http:\/\/www.naturalista.mx\/ para identificar nuevas especies y compartirlas con el resto del mundo.<\/p>\n<p>En este marco, el director general del Parque Zool\u00f3gico, Josu\u00e9 Rangel D\u00edaz, detall\u00f3 que el recinto faun\u00edstico es un santuario natural que cuenta con m\u00e1s de 30 especies que habitan fuera de los albergues, como los p\u00e1jaros carpinteros, las ardillas y diferentes tipos de insectos.<\/p>\n<p>Cabe mencionar que a la actividad tambi\u00e9n asisti\u00f3 el titular de la Sicdet, Jos\u00e9 Luis Monta\u00f1ez Espinoza.<a href=\"https:\/\/radiowebmx.com\/nota\/wp-content\/uploads\/2017\/05\/9bb9663e-4dcd-44ca-b800-d4436d795464.jpg\"><img loading=\"lazy\" decoding=\"async\" class=\"alignnone size-medium wp-image-36458\" src=\"https:\/\/radiowebmx.com\/nota\/wp-content\/uploads\/2017\/05\/9bb9663e-4dcd-44ca-b800-d4436d795464-595x396.jpg\" alt=\"\" width=\"595\" height=\"396\" srcset=\"https:\/\/radiowebmx.com\/nota\/wp-content\/uploads\/2017\/05\/9bb9663e-4dcd-44ca-b800-d4436d795464-595x396.jpg 595w, https:\/\/radiowebmx.com\/nota\/wp-content\/uploads\/2017\/05\/9bb9663e-4dcd-44ca-b800-d4436d795464.jpg 709w\" sizes=\"auto, (max-width: 595px) 100vw, 595px\" \/><\/a><\/p>\n","protected":false},"excerpt":{"rendered":"<p>Morelia, Michoac\u00e1n, a 23 de mayo de 2017.- El Parque Zool\u00f3gico \u201cBenito Ju\u00e1rez\u201d y las secretar\u00eda de Innovaci\u00f3n, Ciencia y Desarrollo Tecnol\u00f3gico (Sicdet) y de Medio Ambiente, Recursos Naturales y Cambio Clim\u00e1tico (Semarnacc), realizan actividades para conmemorar la 7\u00aa Semana de la Diversidad Biol\u00f3gica. La ma\u00f1ana de este martes en el recinto faun\u00edstico se dieron [&hellip;]<\/p>\n","protected":false},"author":2,"featured_media":36458,"comment_status":"closed","ping_status":"closed","sticky":false,"template":"","format":"standard","meta":{"footnotes":""},"categories":[14,3],"tags":[],"class_list":["post-36457","post","type-post","status-publish","format-standard","has-post-thumbnail","hentry","category-destacadas","category-gobierno-del-estado-de-michoacan"],"_links":{"self":[{"href":"https:\/\/radiowebmx.com\/nota\/wp-json\/wp\/v2\/posts\/36457","targetHints":{"allow":["GET"]}}],"collection":[{"href":"https:\/\/radiowebmx.com\/nota\/wp-json\/wp\/v2\/posts"}],"about":[{"href":"https:\/\/radiowebmx.com\/nota\/wp-json\/wp\/v2\/types\/post"}],"author":[{"embeddable":true,"href":"https:\/\/radiowebmx.com\/nota\/wp-json\/wp\/v2\/users\/2"}],"replies":[{"embeddable":true,"href":"https:\/\/radiowebmx.com\/nota\/wp-json\/wp\/v2\/comments?post=36457"}],"version-history":[{"count":1,"href":"https:\/\/radiowebmx.com\/nota\/wp-json\/wp\/v2\/posts\/36457\/revisions"}],"predecessor-version":[{"id":36459,"href":"https:\/\/radiowebmx.com\/nota\/wp-json\/wp\/v2\/posts\/36457\/revisions\/36459"}],"wp:featuredmedia":[{"embeddable":true,"href":"https:\/\/radiowebmx.com\/nota\/wp-json\/wp\/v2\/media\/36458"}],"wp:attachment":[{"href":"https:\/\/radiowebmx.com\/nota\/wp-json\/wp\/v2\/media?parent=36457"}],"wp:term":[{"taxonomy":"category","embeddable":true,"href":"https:\/\/radiowebmx.com\/nota\/wp-json\/wp\/v2\/categories?post=36457"},{"taxonomy":"post_tag","embeddable":true,"href":"https:\/\/radiowebmx.com\/nota\/wp-json\/wp\/v2\/tags?post=36457"}],"curies":[{"name":"wp","href":"https:\/\/api.w.org\/{rel}","templated":true}]}}