{"id":36449,"date":"2017-05-23T14:45:45","date_gmt":"2017-05-23T19:45:45","guid":{"rendered":"https:\/\/radiowebmx.com\/nota\/?p=36449"},"modified":"2017-05-24T10:09:46","modified_gmt":"2017-05-24T15:09:46","slug":"ivem-y-fundacion-newstory-apoyaran-a-familias-en-situacion-de-pobreza-extrema-de-morelia","status":"publish","type":"post","link":"https:\/\/radiowebmx.com\/nota\/ivem-y-fundacion-newstory-apoyaran-a-familias-en-situacion-de-pobreza-extrema-de-morelia\/","title":{"rendered":"IVEM y Fundaci\u00f3n Newstory apoyar\u00e1n a familias en situaci\u00f3n de pobreza extrema de Morelia"},"content":{"rendered":"<ul>\n<li>Implementar\u00e1n un programa piloto mediante el cual ser\u00e1n construidas cien viviendas en el predio Cuitzillo.<\/li>\n<\/ul>\n<p><a href=\"https:\/\/radiowebmx.com\/nota\/wp-content\/uploads\/2017\/05\/3187ce18-00c0-4f94-a5bd-08121886982e.jpg\"><img loading=\"lazy\" decoding=\"async\" class=\"alignnone size-medium wp-image-36453\" src=\"https:\/\/radiowebmx.com\/nota\/wp-content\/uploads\/2017\/05\/3187ce18-00c0-4f94-a5bd-08121886982e-595x529.jpg\" alt=\"\" width=\"595\" height=\"529\" srcset=\"https:\/\/radiowebmx.com\/nota\/wp-content\/uploads\/2017\/05\/3187ce18-00c0-4f94-a5bd-08121886982e-595x529.jpg 595w, https:\/\/radiowebmx.com\/nota\/wp-content\/uploads\/2017\/05\/3187ce18-00c0-4f94-a5bd-08121886982e.jpg 709w\" sizes=\"auto, (max-width: 595px) 100vw, 595px\" \/><\/a><\/p>\n<p>&nbsp;<\/p>\n<p><strong>Morelia, Michoac\u00e1n, a 23 de mayo de 2017.- <\/strong>El Instituto de Vivienda del Estado de Michoac\u00e1n (IVEM) y la Fundaci\u00f3n Newstory pondr\u00e1n en marcha un proyecto piloto en Morelia mediante el cual ser\u00e1n construidos 100 hogares para familias en situaci\u00f3n de pobreza extrema.<\/p>\n<p>Lo anterior, derivado de las gestiones que la titular de la dependencia estatal, Mar\u00eda Yesm\u00edn S\u00e1nchez Huerta, realiz\u00f3 para contactar a esta fundaci\u00f3n que se encarga de subsidiar acciones de vivienda completa para aquellas personas que no cuentan con los medios para obtener un patrimonio propio y digno.<\/p>\n<p>Como parte del proyecto piloto, las viviendas se construir\u00e1n en el predio propiedad del IVEM denominado Cuitzillo, donde el espacio y las condiciones en las que viven las familias de esta zona fueron supervisadas por representantes de Newstory.<\/p>\n<p>Algunas condiciones que se solicitaron al IVEM para poder implementar el proyecto fue el que se garantizara un predio, es decir, que la dependencia estatal contar\u00e1 con un terreno de su propiedad para la edificaci\u00f3n de las casas y que la construcci\u00f3n de las mismas se concentrara en una sola zona.<\/p>\n<p>Con estas acciones, el Gobierno del Estado, que encabeza Silvano Aureoles Conejo, trabaja a trav\u00e9s del IVEM para que las familias de Michoac\u00e1n puedan mejorar sus condiciones de vida al acercarles programas y acciones que les ayuden a contar con un patrimonio propio.<\/p>\n","protected":false},"excerpt":{"rendered":"<p>Implementar\u00e1n un programa piloto mediante el cual ser\u00e1n construidas cien viviendas en el predio Cuitzillo. &nbsp; Morelia, Michoac\u00e1n, a 23 de mayo de 2017.- El Instituto de Vivienda del Estado de Michoac\u00e1n (IVEM) y la Fundaci\u00f3n Newstory pondr\u00e1n en marcha un proyecto piloto en Morelia mediante el cual ser\u00e1n construidos 100 hogares para familias en [&hellip;]<\/p>\n","protected":false},"author":2,"featured_media":36453,"comment_status":"closed","ping_status":"closed","sticky":false,"template":"","format":"standard","meta":{"footnotes":""},"categories":[14,3],"tags":[],"class_list":["post-36449","post","type-post","status-publish","format-standard","has-post-thumbnail","hentry","category-destacadas","category-gobierno-del-estado-de-michoacan"],"_links":{"self":[{"href":"https:\/\/radiowebmx.com\/nota\/wp-json\/wp\/v2\/posts\/36449","targetHints":{"allow":["GET"]}}],"collection":[{"href":"https:\/\/radiowebmx.com\/nota\/wp-json\/wp\/v2\/posts"}],"about":[{"href":"https:\/\/radiowebmx.com\/nota\/wp-json\/wp\/v2\/types\/post"}],"author":[{"embeddable":true,"href":"https:\/\/radiowebmx.com\/nota\/wp-json\/wp\/v2\/users\/2"}],"replies":[{"embeddable":true,"href":"https:\/\/radiowebmx.com\/nota\/wp-json\/wp\/v2\/comments?post=36449"}],"version-history":[{"count":1,"href":"https:\/\/radiowebmx.com\/nota\/wp-json\/wp\/v2\/posts\/36449\/revisions"}],"predecessor-version":[{"id":36456,"href":"https:\/\/radiowebmx.com\/nota\/wp-json\/wp\/v2\/posts\/36449\/revisions\/36456"}],"wp:featuredmedia":[{"embeddable":true,"href":"https:\/\/radiowebmx.com\/nota\/wp-json\/wp\/v2\/media\/36453"}],"wp:attachment":[{"href":"https:\/\/radiowebmx.com\/nota\/wp-json\/wp\/v2\/media?parent=36449"}],"wp:term":[{"taxonomy":"category","embeddable":true,"href":"https:\/\/radiowebmx.com\/nota\/wp-json\/wp\/v2\/categories?post=36449"},{"taxonomy":"post_tag","embeddable":true,"href":"https:\/\/radiowebmx.com\/nota\/wp-json\/wp\/v2\/tags?post=36449"}],"curies":[{"name":"wp","href":"https:\/\/api.w.org\/{rel}","templated":true}]}}