{"id":36427,"date":"2017-05-23T14:19:50","date_gmt":"2017-05-23T19:19:50","guid":{"rendered":"https:\/\/radiowebmx.com\/nota\/?p=36427"},"modified":"2017-05-23T14:27:38","modified_gmt":"2017-05-23T19:27:38","slug":"estudiantes-del-cecytem-protagonistas-del-cambio-en-sus-comunidades","status":"publish","type":"post","link":"https:\/\/radiowebmx.com\/nota\/estudiantes-del-cecytem-protagonistas-del-cambio-en-sus-comunidades\/","title":{"rendered":"Estudiantes del CECyTEM, protagonistas del cambio en sus comunidades"},"content":{"rendered":"<p><a href=\"https:\/\/radiowebmx.com\/nota\/wp-content\/uploads\/2017\/05\/dddc86b1-67bc-485f-8f59-9a0aaf3fe501.jpg\"><img loading=\"lazy\" decoding=\"async\" class=\"alignnone size-medium wp-image-36428\" src=\"https:\/\/radiowebmx.com\/nota\/wp-content\/uploads\/2017\/05\/dddc86b1-67bc-485f-8f59-9a0aaf3fe501-595x396.jpg\" alt=\"\" width=\"595\" height=\"396\" srcset=\"https:\/\/radiowebmx.com\/nota\/wp-content\/uploads\/2017\/05\/dddc86b1-67bc-485f-8f59-9a0aaf3fe501-595x396.jpg 595w, https:\/\/radiowebmx.com\/nota\/wp-content\/uploads\/2017\/05\/dddc86b1-67bc-485f-8f59-9a0aaf3fe501.jpg 709w\" sizes=\"auto, (max-width: 595px) 100vw, 595px\" \/><\/a><\/p>\n<p>&nbsp;<\/p>\n<p><strong>Morelia, Michoac\u00e1n, a 23 de mayo de 2017.-<\/strong> Este martes, al celebrar el D\u00eda del Estudiante en M\u00e9xico, el Colegio de Estudios Cient\u00edficos y Tecnol\u00f3gicos del Estado de Michoac\u00e1n (CECyTEM) reconoce la entrega y esfuerzo realizado por sus estudiantes y personal docente en los 93 planteles que conforman el subsistema en la entidad.<\/p>\n<p>La directora general del CECyTEM, Mar\u00eda del Carmen Escobedo P\u00e9rez, destac\u00f3 que a lo largo de 25 a\u00f1os el subsistema ha formado a excelentes ciudadanos que hoy son profesionistas y protagonistas del cambio en sus comunidades. \u201cPrepararse y estudiar es la ruta m\u00e1s segura para disfrutar de oportunidades en el futuro\u201d, dijo.<\/p>\n<p>Invit\u00f3 a los padres de familia de estudiantes de secundaria a inscribir a sus hijos en el CECyTEM, ya que cuenta con un plan de estudios acorde a las necesidades de cada regi\u00f3n del estado, pues tiene presencia en 54 municipios con 34 planteles escolarizados y 59 centros de bachillerato general y capacitaci\u00f3n para el trabajo en inform\u00e1tica.<\/p>\n<p>Algunas de las especialidades que pueden estudiar los aspirantes a estudiantes del CECyTEM en los planteles escolarizados son Procesos de Gesti\u00f3n Administrativa; Soporte y Mantenimiento de Equipos de C\u00f3mputo; Producci\u00f3n Industrial de Alimentos; Biotecnolog\u00eda; Electr\u00f3nica; Suelos y Fertilizantes; Ventas, Dise\u00f1o Gr\u00e1fico Digital; Puericultura; Mecatr\u00f3nica; Mantenimiento Automotriz, entre otras.<\/p>\n<p>Para mayor informaci\u00f3n sobre las especialidades pueden consultar www.cecytemichoacan.edu.mx en la secci\u00f3n carreras.<\/p>\n<p>Sobre los requisitos para la solicitud de nuevo ingreso, los interesados deber\u00e1n asistir al plantel de su elecci\u00f3n al \u00e1rea de control escolar con dos fotograf\u00edas tama\u00f1o infantil, copia de certificado de Secundaria y\/o en su caso constancia de estudios, copia de acta de nacimiento y CURP, adem\u00e1s de llenar la solicitud correspondiente.<\/p>\n","protected":false},"excerpt":{"rendered":"<p>&nbsp; Morelia, Michoac\u00e1n, a 23 de mayo de 2017.- Este martes, al celebrar el D\u00eda del Estudiante en M\u00e9xico, el Colegio de Estudios Cient\u00edficos y Tecnol\u00f3gicos del Estado de Michoac\u00e1n (CECyTEM) reconoce la entrega y esfuerzo realizado por sus estudiantes y personal docente en los 93 planteles que conforman el subsistema en la entidad. La [&hellip;]<\/p>\n","protected":false},"author":2,"featured_media":36428,"comment_status":"closed","ping_status":"closed","sticky":false,"template":"","format":"standard","meta":{"footnotes":""},"categories":[14,3],"tags":[],"class_list":["post-36427","post","type-post","status-publish","format-standard","has-post-thumbnail","hentry","category-destacadas","category-gobierno-del-estado-de-michoacan"],"_links":{"self":[{"href":"https:\/\/radiowebmx.com\/nota\/wp-json\/wp\/v2\/posts\/36427","targetHints":{"allow":["GET"]}}],"collection":[{"href":"https:\/\/radiowebmx.com\/nota\/wp-json\/wp\/v2\/posts"}],"about":[{"href":"https:\/\/radiowebmx.com\/nota\/wp-json\/wp\/v2\/types\/post"}],"author":[{"embeddable":true,"href":"https:\/\/radiowebmx.com\/nota\/wp-json\/wp\/v2\/users\/2"}],"replies":[{"embeddable":true,"href":"https:\/\/radiowebmx.com\/nota\/wp-json\/wp\/v2\/comments?post=36427"}],"version-history":[{"count":1,"href":"https:\/\/radiowebmx.com\/nota\/wp-json\/wp\/v2\/posts\/36427\/revisions"}],"predecessor-version":[{"id":36429,"href":"https:\/\/radiowebmx.com\/nota\/wp-json\/wp\/v2\/posts\/36427\/revisions\/36429"}],"wp:featuredmedia":[{"embeddable":true,"href":"https:\/\/radiowebmx.com\/nota\/wp-json\/wp\/v2\/media\/36428"}],"wp:attachment":[{"href":"https:\/\/radiowebmx.com\/nota\/wp-json\/wp\/v2\/media?parent=36427"}],"wp:term":[{"taxonomy":"category","embeddable":true,"href":"https:\/\/radiowebmx.com\/nota\/wp-json\/wp\/v2\/categories?post=36427"},{"taxonomy":"post_tag","embeddable":true,"href":"https:\/\/radiowebmx.com\/nota\/wp-json\/wp\/v2\/tags?post=36427"}],"curies":[{"name":"wp","href":"https:\/\/api.w.org\/{rel}","templated":true}]}}