{"id":36418,"date":"2017-05-23T13:12:59","date_gmt":"2017-05-23T18:12:59","guid":{"rendered":"https:\/\/radiowebmx.com\/nota\/?p=36418"},"modified":"2017-05-23T14:02:58","modified_gmt":"2017-05-23T19:02:58","slug":"destaca-cofeeem-consolidacion-y-proyeccion-de-la-expo-fiesta-michoacan","status":"publish","type":"post","link":"https:\/\/radiowebmx.com\/nota\/destaca-cofeeem-consolidacion-y-proyeccion-de-la-expo-fiesta-michoacan\/","title":{"rendered":"Destaca Cofeeem consolidaci\u00f3n y proyecci\u00f3n de la Expo Fiesta Michoac\u00e1n"},"content":{"rendered":"<p><a href=\"https:\/\/radiowebmx.com\/nota\/wp-content\/uploads\/2017\/05\/a91427a8-fc23-4053-bdfa-91651b4efa98.jpg\"><img loading=\"lazy\" decoding=\"async\" class=\"alignnone size-medium wp-image-36419\" src=\"https:\/\/radiowebmx.com\/nota\/wp-content\/uploads\/2017\/05\/a91427a8-fc23-4053-bdfa-91651b4efa98-595x396.jpg\" alt=\"\" width=\"595\" height=\"396\" srcset=\"https:\/\/radiowebmx.com\/nota\/wp-content\/uploads\/2017\/05\/a91427a8-fc23-4053-bdfa-91651b4efa98-595x396.jpg 595w, https:\/\/radiowebmx.com\/nota\/wp-content\/uploads\/2017\/05\/a91427a8-fc23-4053-bdfa-91651b4efa98.jpg 709w\" sizes=\"auto, (max-width: 595px) 100vw, 595px\" \/><\/a><\/p>\n<p>&nbsp;<\/p>\n<p><strong>Morelia, Michoac\u00e1n, a 23 de mayo de 2017.-<\/strong> En su edici\u00f3n 2017, la Expo Fiesta Michoac\u00e1n logr\u00f3 consolidarse como el m\u00e1ximo escaparate de la entidad y como un producto de inter\u00e9s regional y nacional, destac\u00f3 el director general de la Comisi\u00f3n de Ferias, Exposiciones y Eventos del Estado de Michoac\u00e1n (Cofeeem), Francisco Pedro Le\u00f3n.<\/p>\n<p>Resalt\u00f3 que la Expo Fiesta Michoac\u00e1n 2017 es la m\u00e1s importante llevada a cabo hasta la fecha debido a la calidad de los artistas de nivel internacional que se presentaron en el Teatro del Pueblo y la afluencia que tuvieron estos eventos.<\/p>\n<p>Adem\u00e1s, la Expo Fiesta Michoac\u00e1n logr\u00f3 posicionar a la entidad a nivel nacional e internacional. Muestra de lo anterior, expuso, fue la promoci\u00f3n a trav\u00e9s de las cuentas de redes sociales de artistas de talla mundial que se presentaron en el Teatro del Pueblo; por ejemplo, el tuit de Marc Anthony tuvo un alcance de 9.65 millones de seguidores, mientras que el video que public\u00f3 Miguel Bos\u00e9 en tuvo un impacto potencial de 2.28 millones de seguidores.<\/p>\n<p>Record\u00f3 que en esta edici\u00f3n -y con tan s\u00f3lo pagar el boleto de entrada al Recinto Ferial, cuyo precio era de 40 pesos- los asistentes disfrutaron por primera vez de la pista de hielo, charreada, jaripeo, espect\u00e1culos ecuestres y, por su puesto, de artistas internacionales como Enrique Iglesias y Marc Anthony, quienes juntos\u00a0 rompieron r\u00e9cord de asistencia con 130 mil asistentes en un fin de semana.<\/p>\n<p>Detall\u00f3 que m\u00e1s de 15 mil personas disfrutaron de la pista de hielo, 164 stands comerciales, que 85 productores estuvieron presentes en el Pabell\u00f3n \u201cMichoac\u00e1n est\u00e1 en ti\u201d, que 240 artesanos de diversos municipios del estado exhibieron y vendieron sus creaciones, que 30 artistas nacionales e internacionales se presentaron en el Teatro del Pueblo y en el Centro de Espect\u00e1culos.<\/p>\n","protected":false},"excerpt":{"rendered":"<p>&nbsp; Morelia, Michoac\u00e1n, a 23 de mayo de 2017.- En su edici\u00f3n 2017, la Expo Fiesta Michoac\u00e1n logr\u00f3 consolidarse como el m\u00e1ximo escaparate de la entidad y como un producto de inter\u00e9s regional y nacional, destac\u00f3 el director general de la Comisi\u00f3n de Ferias, Exposiciones y Eventos del Estado de Michoac\u00e1n (Cofeeem), Francisco Pedro Le\u00f3n. [&hellip;]<\/p>\n","protected":false},"author":2,"featured_media":36419,"comment_status":"closed","ping_status":"closed","sticky":false,"template":"","format":"standard","meta":{"footnotes":""},"categories":[14,3],"tags":[],"class_list":["post-36418","post","type-post","status-publish","format-standard","has-post-thumbnail","hentry","category-destacadas","category-gobierno-del-estado-de-michoacan"],"_links":{"self":[{"href":"https:\/\/radiowebmx.com\/nota\/wp-json\/wp\/v2\/posts\/36418","targetHints":{"allow":["GET"]}}],"collection":[{"href":"https:\/\/radiowebmx.com\/nota\/wp-json\/wp\/v2\/posts"}],"about":[{"href":"https:\/\/radiowebmx.com\/nota\/wp-json\/wp\/v2\/types\/post"}],"author":[{"embeddable":true,"href":"https:\/\/radiowebmx.com\/nota\/wp-json\/wp\/v2\/users\/2"}],"replies":[{"embeddable":true,"href":"https:\/\/radiowebmx.com\/nota\/wp-json\/wp\/v2\/comments?post=36418"}],"version-history":[{"count":1,"href":"https:\/\/radiowebmx.com\/nota\/wp-json\/wp\/v2\/posts\/36418\/revisions"}],"predecessor-version":[{"id":36420,"href":"https:\/\/radiowebmx.com\/nota\/wp-json\/wp\/v2\/posts\/36418\/revisions\/36420"}],"wp:featuredmedia":[{"embeddable":true,"href":"https:\/\/radiowebmx.com\/nota\/wp-json\/wp\/v2\/media\/36419"}],"wp:attachment":[{"href":"https:\/\/radiowebmx.com\/nota\/wp-json\/wp\/v2\/media?parent=36418"}],"wp:term":[{"taxonomy":"category","embeddable":true,"href":"https:\/\/radiowebmx.com\/nota\/wp-json\/wp\/v2\/categories?post=36418"},{"taxonomy":"post_tag","embeddable":true,"href":"https:\/\/radiowebmx.com\/nota\/wp-json\/wp\/v2\/tags?post=36418"}],"curies":[{"name":"wp","href":"https:\/\/api.w.org\/{rel}","templated":true}]}}