{"id":36391,"date":"2017-05-23T13:17:54","date_gmt":"2017-05-23T18:17:54","guid":{"rendered":"https:\/\/radiowebmx.com\/nota\/?p=36391"},"modified":"2017-05-23T13:17:54","modified_gmt":"2017-05-23T18:17:54","slug":"dejar-de-lado-intereses-ajenos-a-los-educativos-conmina-carlos-quintana-a-docentes-michoacanos","status":"publish","type":"post","link":"https:\/\/radiowebmx.com\/nota\/dejar-de-lado-intereses-ajenos-a-los-educativos-conmina-carlos-quintana-a-docentes-michoacanos\/","title":{"rendered":"Dejar de lado intereses ajenos a los educativos, conmina Carlos Quintana a docentes michoacanos"},"content":{"rendered":"<p class=\"x_gmail-MsoListParagraph\">El coordinador de la bancada del PAN en Michoac\u00e1n, record\u00f3 que en mayo, junio y julio del a\u00f1o pasado, se suspendieron clases por m\u00e1s de 30 d\u00edas, afectando a miles de estudiantes<\/p>\n<p class=\"x_MsoNormal\"><a href=\"https:\/\/radiowebmx.com\/nota\/wp-content\/uploads\/2017\/05\/IMG_20170523_113936_016.jpg\"><img loading=\"lazy\" decoding=\"async\" class=\"alignnone size-medium wp-image-36392\" src=\"https:\/\/radiowebmx.com\/nota\/wp-content\/uploads\/2017\/05\/IMG_20170523_113936_016-595x396.jpg\" alt=\"\" width=\"595\" height=\"396\" srcset=\"https:\/\/radiowebmx.com\/nota\/wp-content\/uploads\/2017\/05\/IMG_20170523_113936_016-595x396.jpg 595w, https:\/\/radiowebmx.com\/nota\/wp-content\/uploads\/2017\/05\/IMG_20170523_113936_016.jpg 709w\" sizes=\"auto, (max-width: 595px) 100vw, 595px\" \/><\/a><\/p>\n<p class=\"x_MsoNormal\">\n<p class=\"x_MsoNormal\"><b>Morelia; Michoac\u00e1n, 23 de mayo de 2017<\/b>.- En el marco de la conmemoraci\u00f3n del D\u00eda del Estudiante, el diputado panista Carlos Quintana Mart\u00ednez,\u00a0 pidi\u00f3 a los maestros\u00a0 dejar a un lado intereses ajenos a los educativos y ponderar el bienestar y el desarrollo de sus estudiantes, luego de que a raz\u00f3n de la movilizaci\u00f3n que realiza la Coordinadora Nacional de Trabajadores de la Educaci\u00f3n (CNTE) este martes se quedaron sin clases un centenar de estudiantes.<\/p>\n<p class=\"x_MsoNormal\">Quintana Mart\u00ednez reconoci\u00f3 que si bien existen adeudos financieros heredados de pasadas administraciones con diversos sectores del estado, es importante que a trav\u00e9s del di\u00e1logo y las mesas de trabajo, se consoliden acuerdos entre ambas partes y no se afecte a terceros que nada tienen que ver con este conflicto.<\/p>\n<p class=\"x_MsoNormal\">A su vez, pidi\u00f3 a las autoridades educativas de la entidad, concertar un esquema de trabajo que permita resolver en la medida de lo posible, las inquietudes de ambas partes, pero adem\u00e1s, sancionar a quienes no est\u00e9n cumpliendo a cabalidad con su responsabilidad de educar a los ni\u00f1os y j\u00f3venes del estado.<\/p>\n<p class=\"x_MsoNormal\">Y es que en el mismo periodo del a\u00f1o pasado, en los meses de mayo, junio y julio, los profesores de la CNTE mantuvieron un paro de labores superior a los 30 d\u00edas h\u00e1biles, afectando severamente el ciclo escolar y con ello, la educaci\u00f3n de miles de estudiantes michoacanos, lament\u00f3 el diputado panista.<\/p>\n<p class=\"x_MsoNormal\">De lo anterior, Carlos Quintana exhort\u00f3 a los integrantes de la CNTE a encontrar en el di\u00e1logo con las autoridades educativas, el mejor camino para solucionar sus demandas, sin que ello represente afectaciones m\u00e1s severas a la calidad de la educaci\u00f3n que reciben los ni\u00f1os y j\u00f3venes de Michoac\u00e1n.<\/p>\n<p class=\"x_MsoNormal\">Finalmente el coordinador panista reconoci\u00f3 que los tiempos actuales demandan a todos los \u00f3rdenes de gobierno, resolver problemas tan lastimosos en la entidad como el rezago educativo, por lo que pidi\u00f3 dejar de lado las diferencias y encontrar en las coincidencias, la oportunidad de avanzar e impulsar el desarrollo integral de nuestra sociedad.<\/p>\n","protected":false},"excerpt":{"rendered":"<p>El coordinador de la bancada del PAN en Michoac\u00e1n, record\u00f3 que en mayo, junio y julio del a\u00f1o pasado, se suspendieron clases por m\u00e1s de 30 d\u00edas, afectando a miles de estudiantes Morelia; Michoac\u00e1n, 23 de mayo de 2017.- En el marco de la conmemoraci\u00f3n del D\u00eda del Estudiante, el diputado panista Carlos Quintana Mart\u00ednez,\u00a0 [&hellip;]<\/p>\n","protected":false},"author":2,"featured_media":36392,"comment_status":"closed","ping_status":"closed","sticky":false,"template":"","format":"standard","meta":{"footnotes":""},"categories":[6,14,8],"tags":[],"class_list":["post-36391","post","type-post","status-publish","format-standard","has-post-thumbnail","hentry","category-congreso-del-estado","category-destacadas","category-grupo-parlamentario-del-pan"],"_links":{"self":[{"href":"https:\/\/radiowebmx.com\/nota\/wp-json\/wp\/v2\/posts\/36391","targetHints":{"allow":["GET"]}}],"collection":[{"href":"https:\/\/radiowebmx.com\/nota\/wp-json\/wp\/v2\/posts"}],"about":[{"href":"https:\/\/radiowebmx.com\/nota\/wp-json\/wp\/v2\/types\/post"}],"author":[{"embeddable":true,"href":"https:\/\/radiowebmx.com\/nota\/wp-json\/wp\/v2\/users\/2"}],"replies":[{"embeddable":true,"href":"https:\/\/radiowebmx.com\/nota\/wp-json\/wp\/v2\/comments?post=36391"}],"version-history":[{"count":1,"href":"https:\/\/radiowebmx.com\/nota\/wp-json\/wp\/v2\/posts\/36391\/revisions"}],"predecessor-version":[{"id":36394,"href":"https:\/\/radiowebmx.com\/nota\/wp-json\/wp\/v2\/posts\/36391\/revisions\/36394"}],"wp:featuredmedia":[{"embeddable":true,"href":"https:\/\/radiowebmx.com\/nota\/wp-json\/wp\/v2\/media\/36392"}],"wp:attachment":[{"href":"https:\/\/radiowebmx.com\/nota\/wp-json\/wp\/v2\/media?parent=36391"}],"wp:term":[{"taxonomy":"category","embeddable":true,"href":"https:\/\/radiowebmx.com\/nota\/wp-json\/wp\/v2\/categories?post=36391"},{"taxonomy":"post_tag","embeddable":true,"href":"https:\/\/radiowebmx.com\/nota\/wp-json\/wp\/v2\/tags?post=36391"}],"curies":[{"name":"wp","href":"https:\/\/api.w.org\/{rel}","templated":true}]}}