{"id":36373,"date":"2017-05-22T22:36:48","date_gmt":"2017-05-23T03:36:48","guid":{"rendered":"https:\/\/radiowebmx.com\/nota\/?p=36373"},"modified":"2017-05-23T12:45:00","modified_gmt":"2017-05-23T17:45:00","slug":"gobierno-de-michoacan-y-semarnat-por-frenar-juntos-cambio-ilegal-de-uso-de-suelo","status":"publish","type":"post","link":"https:\/\/radiowebmx.com\/nota\/gobierno-de-michoacan-y-semarnat-por-frenar-juntos-cambio-ilegal-de-uso-de-suelo\/","title":{"rendered":"Gobierno de Michoac\u00e1n y Semarnat, por frenar juntos cambio ilegal de uso de suelo"},"content":{"rendered":"<ul>\n<li>El Gobernador Silvano Aureoles y el titular de la dependencia federal, Rafael Pacchiano, coinciden en que continuar\u00e1n las acciones encaminadas a poner un alto a esta pr\u00e1ctica y proteger los recursos forestales del estado.<\/li>\n<\/ul>\n<p>&nbsp;<\/p>\n<p>&nbsp;<\/p>\n<ul>\n<li>En el encuentro celebrado la tarde-noche de este lunes tambi\u00e9n estuvo presente el titular de la Profepa, Guillermo Haro B\u00e9lchez.<\/li>\n<\/ul>\n<p>&nbsp;<\/p>\n<p><a href=\"https:\/\/radiowebmx.com\/nota\/wp-content\/uploads\/2017\/05\/c4c93745-06c5-47be-a44a-659706b5177e.jpg\"><img loading=\"lazy\" decoding=\"async\" class=\"alignnone size-medium wp-image-36374\" src=\"https:\/\/radiowebmx.com\/nota\/wp-content\/uploads\/2017\/05\/c4c93745-06c5-47be-a44a-659706b5177e-595x396.jpg\" alt=\"\" width=\"595\" height=\"396\" srcset=\"https:\/\/radiowebmx.com\/nota\/wp-content\/uploads\/2017\/05\/c4c93745-06c5-47be-a44a-659706b5177e-595x396.jpg 595w, https:\/\/radiowebmx.com\/nota\/wp-content\/uploads\/2017\/05\/c4c93745-06c5-47be-a44a-659706b5177e.jpg 709w\" sizes=\"auto, (max-width: 595px) 100vw, 595px\" \/><\/a><\/p>\n<p>&nbsp;<\/p>\n<p><strong>Ciudad de M\u00e9xico, a 22 de mayo de 2017<\/strong>.- La tarde-noche de este lunes, el Gobernador Constitucional Silvano Aureoles Conejo se reuni\u00f3 con el titular de la Secretar\u00eda de Medio Ambiente y Recursos Naturales (Semarnat), Rafael Pacchiano Alam\u00e1n, con quien coincidi\u00f3 en que continuar\u00e1n los esfuerzos conjuntos para frenar el cambio de uso de suelo ilegal en Michoac\u00e1n.<\/p>\n<p>&nbsp;<\/p>\n<p>Acompa\u00f1ado del secretario de Medio Ambiente, Recursos Naturales y Cambio Clim\u00e1tico, Ricardo Luna Garc\u00eda; del procurador de Protecci\u00f3n al Ambiente del estado, Juan Carlos Vega Sol\u00f3rzano, y en presencia del titular de la Procuradur\u00eda Federal de Protecci\u00f3n al Ambiente, (Profepa), Guillermo Haro B\u00e9lchez, el mandatario estatal manifest\u00f3 que, dentro del marco jur\u00eddico y conforme las atribuciones de las dependencias estatales, se trabaja de manera transversal a trav\u00e9s de la Mesa de Seguridad Ambiental, para prevenir y sancionar todo tipo de il\u00edcito que atente contra el patrimonio natural del Estado.<\/p>\n<p>&nbsp;<\/p>\n<p>Recalc\u00f3 que incluso, desde el inicio de su Gobierno se puso en operaci\u00f3n la Polic\u00eda Ambiental y el fortalecimiento de la Fiscal\u00eda Especializada para la Atenci\u00f3n de Delitos Ambientales, de la Procuradur\u00eda General de Justicia del Estado, para atender de manera puntual y oportuna este tema de suma importancia no s\u00f3lo ante el contexto global actual, sino para una mejor calidad de vida de las futuras generaciones.<\/p>\n<p>&nbsp;<\/p>\n<p>Por ello, reiter\u00f3 su compromiso de continuar los trabajos coordinados para preservar los recursos naturales, contribuir en frenar el cambio clim\u00e1tico y as\u00ed, legar un mejor ambiente a la ni\u00f1ez y juventud del estado y del pa\u00eds.<\/p>\n","protected":false},"excerpt":{"rendered":"<p>El Gobernador Silvano Aureoles y el titular de la dependencia federal, Rafael Pacchiano, coinciden en que continuar\u00e1n las acciones encaminadas a poner un alto a esta pr\u00e1ctica y proteger los recursos forestales del estado. &nbsp; &nbsp; En el encuentro celebrado la tarde-noche de este lunes tambi\u00e9n estuvo presente el titular de la Profepa, Guillermo Haro [&hellip;]<\/p>\n","protected":false},"author":2,"featured_media":36374,"comment_status":"closed","ping_status":"closed","sticky":false,"template":"","format":"standard","meta":{"footnotes":""},"categories":[14,3],"tags":[],"class_list":["post-36373","post","type-post","status-publish","format-standard","has-post-thumbnail","hentry","category-destacadas","category-gobierno-del-estado-de-michoacan"],"_links":{"self":[{"href":"https:\/\/radiowebmx.com\/nota\/wp-json\/wp\/v2\/posts\/36373","targetHints":{"allow":["GET"]}}],"collection":[{"href":"https:\/\/radiowebmx.com\/nota\/wp-json\/wp\/v2\/posts"}],"about":[{"href":"https:\/\/radiowebmx.com\/nota\/wp-json\/wp\/v2\/types\/post"}],"author":[{"embeddable":true,"href":"https:\/\/radiowebmx.com\/nota\/wp-json\/wp\/v2\/users\/2"}],"replies":[{"embeddable":true,"href":"https:\/\/radiowebmx.com\/nota\/wp-json\/wp\/v2\/comments?post=36373"}],"version-history":[{"count":1,"href":"https:\/\/radiowebmx.com\/nota\/wp-json\/wp\/v2\/posts\/36373\/revisions"}],"predecessor-version":[{"id":36375,"href":"https:\/\/radiowebmx.com\/nota\/wp-json\/wp\/v2\/posts\/36373\/revisions\/36375"}],"wp:featuredmedia":[{"embeddable":true,"href":"https:\/\/radiowebmx.com\/nota\/wp-json\/wp\/v2\/media\/36374"}],"wp:attachment":[{"href":"https:\/\/radiowebmx.com\/nota\/wp-json\/wp\/v2\/media?parent=36373"}],"wp:term":[{"taxonomy":"category","embeddable":true,"href":"https:\/\/radiowebmx.com\/nota\/wp-json\/wp\/v2\/categories?post=36373"},{"taxonomy":"post_tag","embeddable":true,"href":"https:\/\/radiowebmx.com\/nota\/wp-json\/wp\/v2\/tags?post=36373"}],"curies":[{"name":"wp","href":"https:\/\/api.w.org\/{rel}","templated":true}]}}