{"id":36354,"date":"2017-05-22T17:49:37","date_gmt":"2017-05-22T22:49:37","guid":{"rendered":"https:\/\/radiowebmx.com\/nota\/?p=36354"},"modified":"2017-05-23T12:16:45","modified_gmt":"2017-05-23T17:16:45","slug":"llama-wilfrido-intensificar-acciones-de-autoridad-estatal-y-municipales-por-ola-de-calor","status":"publish","type":"post","link":"https:\/\/radiowebmx.com\/nota\/llama-wilfrido-intensificar-acciones-de-autoridad-estatal-y-municipales-por-ola-de-calor\/","title":{"rendered":"Llama Wilfrido intensificar acciones de autoridad estatal y municipales por ola de calor"},"content":{"rendered":"<p><a href=\"https:\/\/radiowebmx.com\/nota\/wp-content\/uploads\/2017\/05\/18643479_10213165041700267_483311323_n.jpg\"><img loading=\"lazy\" decoding=\"async\" class=\"alignnone size-medium wp-image-36355\" src=\"https:\/\/radiowebmx.com\/nota\/wp-content\/uploads\/2017\/05\/18643479_10213165041700267_483311323_n-595x396.jpg\" alt=\"\" width=\"595\" height=\"396\" srcset=\"https:\/\/radiowebmx.com\/nota\/wp-content\/uploads\/2017\/05\/18643479_10213165041700267_483311323_n-595x396.jpg 595w, https:\/\/radiowebmx.com\/nota\/wp-content\/uploads\/2017\/05\/18643479_10213165041700267_483311323_n.jpg 709w\" sizes=\"auto, (max-width: 595px) 100vw, 595px\" \/><\/a><\/p>\n<p>&nbsp;<\/p>\n<p>Ante la oleada de calor en el pa\u00eds y las previsiones que ha hecho el Sistema Meteorol\u00f3gico Nacional (SMN) que prev\u00e9n temperaturas que superan ya los 40 grados cent\u00edgrados en al menos 20 entidades, entre ellas Michoac\u00e1n, el presidente de la Comisi\u00f3n de Seguridad y Protecci\u00f3n Civil en el Congreso del Estado, Wilfrido L\u00e1zaro Medina hizo un respetuoso llamado para que las autoridades estatales y municipales a trav\u00e9s de Protecci\u00f3n Civil y Salud, refuercen las acciones preventivas para evitar enfermedades y riesgos fatales en la entidad.<\/p>\n<p>&nbsp;<\/p>\n<p>El legislador del PRI, se\u00f1al\u00f3 que adem\u00e1s de las campa\u00f1as de informaci\u00f3n se deben generar desde las \u00e1reas de salud y municipios campa\u00f1as preventivas para los grupos m\u00e1s vulnerables del estado, tambi\u00e9n se deben de sumar brigadas de salud que realicen acciones tendientes a prevenir enfermedades y muertes a consecuencia de este clima at\u00edpico.<\/p>\n<p>&nbsp;<\/p>\n<p>Hasta el momento, dijo no se percibe ninguna acci\u00f3n de prevenci\u00f3n de los gobiernos municipales y el estatal para informar constantemente a la ciudadan\u00eda sobre las condiciones del clima en Michoac\u00e1n.<\/p>\n<p>&nbsp;<\/p>\n<p>&#8220;Tenemos informaci\u00f3n todos de la contingencia ambiental que se ha generado en todo el pa\u00eds y es fundamental que los gobiernos municipales est\u00e9n monitoreando sus comunidades y toda la poblaci\u00f3n particularmente los grupos m\u00e1s vulnerables como lo son los ni\u00f1os y los adultos mayores&#8221;, detall\u00f3 el tambi\u00e9n secretario de la Mesa Directiva del Congreso del Estado.<\/p>\n<p>&nbsp;<\/p>\n<p>El diputado del PRI, expuso que es fundamental iniciar una campa\u00f1a de informaci\u00f3n desde los medios de comunicaci\u00f3n para generar conciencia sobre las recomendaciones que se deben emitir a la ciudadan\u00eda de acuerdo a las temperaturas que se est\u00e1n registrando.<\/p>\n<p>&nbsp;<\/p>\n<p>Alert\u00f3 que en los municipios terracalente\u00f1os y en la Costa se trata ya de una contingencia, donde las temperaturas incluso han llegado hasta los 43 grados cent\u00edgrados, siendo esta una de las m\u00e1s altas del pa\u00eds, pero no se percibe ning\u00fan programa que est\u00e9 atendiendo a la ciudadan\u00eda para prevenir, pese a que ya se confirm\u00f3 la primera muerte por golpe de calor.<\/p>\n<p>&nbsp;<\/p>\n<p>L\u00e1zaro Medina subray\u00f3 que as\u00ed como se ha extremado el calor, debemos de estar preparados para que en los pr\u00f3ximos d\u00edas se resista adecuadamente la temporada de lluvias pidiendo a la ciudadan\u00eda que barra el frente de su casa y no tire basura para evitar que se tapen las rejillas del drenaje pluvial en los municipios de la entidad.<\/p>\n<p>&nbsp;<\/p>\n<p>Agreg\u00f3 que la mejor manera de enfrentar est\u00e1s inclemencias es ayudarse de los medios de Comunicaci\u00f3n y prevenir por medio de la informaci\u00f3n.<\/p>\n","protected":false},"excerpt":{"rendered":"<p>&nbsp; Ante la oleada de calor en el pa\u00eds y las previsiones que ha hecho el Sistema Meteorol\u00f3gico Nacional (SMN) que prev\u00e9n temperaturas que superan ya los 40 grados cent\u00edgrados en al menos 20 entidades, entre ellas Michoac\u00e1n, el presidente de la Comisi\u00f3n de Seguridad y Protecci\u00f3n Civil en el Congreso del Estado, Wilfrido L\u00e1zaro [&hellip;]<\/p>\n","protected":false},"author":2,"featured_media":36355,"comment_status":"closed","ping_status":"closed","sticky":false,"template":"","format":"standard","meta":{"footnotes":""},"categories":[6,14,7],"tags":[],"class_list":["post-36354","post","type-post","status-publish","format-standard","has-post-thumbnail","hentry","category-congreso-del-estado","category-destacadas","category-grupo-parlamentario-del-pri"],"_links":{"self":[{"href":"https:\/\/radiowebmx.com\/nota\/wp-json\/wp\/v2\/posts\/36354","targetHints":{"allow":["GET"]}}],"collection":[{"href":"https:\/\/radiowebmx.com\/nota\/wp-json\/wp\/v2\/posts"}],"about":[{"href":"https:\/\/radiowebmx.com\/nota\/wp-json\/wp\/v2\/types\/post"}],"author":[{"embeddable":true,"href":"https:\/\/radiowebmx.com\/nota\/wp-json\/wp\/v2\/users\/2"}],"replies":[{"embeddable":true,"href":"https:\/\/radiowebmx.com\/nota\/wp-json\/wp\/v2\/comments?post=36354"}],"version-history":[{"count":1,"href":"https:\/\/radiowebmx.com\/nota\/wp-json\/wp\/v2\/posts\/36354\/revisions"}],"predecessor-version":[{"id":36356,"href":"https:\/\/radiowebmx.com\/nota\/wp-json\/wp\/v2\/posts\/36354\/revisions\/36356"}],"wp:featuredmedia":[{"embeddable":true,"href":"https:\/\/radiowebmx.com\/nota\/wp-json\/wp\/v2\/media\/36355"}],"wp:attachment":[{"href":"https:\/\/radiowebmx.com\/nota\/wp-json\/wp\/v2\/media?parent=36354"}],"wp:term":[{"taxonomy":"category","embeddable":true,"href":"https:\/\/radiowebmx.com\/nota\/wp-json\/wp\/v2\/categories?post=36354"},{"taxonomy":"post_tag","embeddable":true,"href":"https:\/\/radiowebmx.com\/nota\/wp-json\/wp\/v2\/tags?post=36354"}],"curies":[{"name":"wp","href":"https:\/\/api.w.org\/{rel}","templated":true}]}}