{"id":36351,"date":"2017-05-22T17:40:57","date_gmt":"2017-05-22T22:40:57","guid":{"rendered":"https:\/\/radiowebmx.com\/nota\/?p=36351"},"modified":"2017-05-23T12:10:58","modified_gmt":"2017-05-23T17:10:58","slug":"trabajo-desde-los-municipios-fundamental-para-cerrar-el-paso-a-la-delincuencia-silvano-aureoles","status":"publish","type":"post","link":"https:\/\/radiowebmx.com\/nota\/trabajo-desde-los-municipios-fundamental-para-cerrar-el-paso-a-la-delincuencia-silvano-aureoles\/","title":{"rendered":"Trabajo desde los municipios, fundamental para cerrar el paso a la delincuencia: Silvano Aureoles"},"content":{"rendered":"<p><a href=\"https:\/\/radiowebmx.com\/nota\/wp-content\/uploads\/2017\/05\/f2a59bad-5c35-431c-ae30-64819a09f8b9.jpg\"><img loading=\"lazy\" decoding=\"async\" class=\"alignnone size-medium wp-image-36352\" src=\"https:\/\/radiowebmx.com\/nota\/wp-content\/uploads\/2017\/05\/f2a59bad-5c35-431c-ae30-64819a09f8b9-595x396.jpg\" alt=\"\" width=\"595\" height=\"396\" srcset=\"https:\/\/radiowebmx.com\/nota\/wp-content\/uploads\/2017\/05\/f2a59bad-5c35-431c-ae30-64819a09f8b9-595x396.jpg 595w, https:\/\/radiowebmx.com\/nota\/wp-content\/uploads\/2017\/05\/f2a59bad-5c35-431c-ae30-64819a09f8b9.jpg 709w\" sizes=\"auto, (max-width: 595px) 100vw, 595px\" \/><\/a><\/p>\n<p>&nbsp;<\/p>\n<p><strong>Morelia, Michoac\u00e1n, a 22 de mayo de 2017.-<\/strong> El trabajo que se haga de manera conjunta desde los municipios es fundamental para que cerremos el paso a las acciones de la delincuencia, sentenci\u00f3 el Gobernador Constitucional, Silvano Aureoles Conejo.<\/p>\n<p>&#8220;Nunca m\u00e1s los delincuentes se deben filtrar en las estructuras de los gobiernos locales&#8221;,\u00a0 sostuvo al encabezar la reuni\u00f3n del Grupo de Coordinaci\u00f3n para la Seguridad Local de Morelia.<\/p>\n<p>En ese marco, el jefe del Ejecutivo de Michoac\u00e1n reiter\u00f3 su llamado tanto al mun\u00edcipe Alfonso Mart\u00ednez Alc\u00e1zar, como al resto del alcaldes, a cerrar la puerta a cualquier provocaci\u00f3n o sugerencia de los delincuentes.<\/p>\n<p>Manifest\u00f3 que siempre contar\u00e1n con el apoyo de la administraci\u00f3n que encabeza y del Gobierno de la Rep\u00fablica, que juntos han conformado un equipo de trabajo fortalecido para que en Michoac\u00e1n impere la legalidad y el Estado de Derecho.<\/p>\n<p>De igual manera, se\u00f1al\u00f3 que se aplicar\u00e1 todo el peso de la ley a quienes pretenden interrumpir la paz social y la actividad productiva, con la quema de veh\u00edculos y comercios.<\/p>\n<p>Durante esta reuni\u00f3n de trabajo, se revis\u00f3 la estrategia que de manera conjunta se emprende en este municipio y cuyas acciones permitieron en el periodo del 13 al 19 de mayo, la detenci\u00f3n de seis personas, la consignaci\u00f3n de armas, cargadores y cartuchos \u00fatiles, y la recuperaci\u00f3n de 8 autom\u00f3viles y una motocicleta con reporte de robo, entre otras acciones.<\/p>\n<p>Se recuperaron adem\u00e1s 52 cilindros de gas y dinero en efectivo, se realizaron 18 despolarizados, se levantaron 43 infracciones y 138 personas fueron remitidas al \u00e1rea de Barandilla.<\/p>\n<p>Participaron en esta sesi\u00f3n de trabajo el procurador general de Justicia del estado, Jos\u00e9 Mart\u00edn Godoy Castro; el secretario de Seguridad P\u00fablica, Juan Bernardo Corona Mart\u00ednez; el comandante de la 21 Zona Militar, general Jos\u00e9 Francisco Morales C\u00e1zares; la delegada de la PGR, Bertha Paredes Gardu\u00f1o; el coordinador estatal de la Polic\u00eda Federal, Israel Galv\u00e1n Jaime; el subsecretario de Seguridad P\u00fablica estatal, Carlos G\u00f3mez Arrieta, por mencionar algunos.<\/p>\n","protected":false},"excerpt":{"rendered":"<p>&nbsp; Morelia, Michoac\u00e1n, a 22 de mayo de 2017.- El trabajo que se haga de manera conjunta desde los municipios es fundamental para que cerremos el paso a las acciones de la delincuencia, sentenci\u00f3 el Gobernador Constitucional, Silvano Aureoles Conejo. &#8220;Nunca m\u00e1s los delincuentes se deben filtrar en las estructuras de los gobiernos locales&#8221;,\u00a0 sostuvo [&hellip;]<\/p>\n","protected":false},"author":2,"featured_media":36352,"comment_status":"closed","ping_status":"closed","sticky":false,"template":"","format":"standard","meta":{"footnotes":""},"categories":[14,3],"tags":[],"class_list":["post-36351","post","type-post","status-publish","format-standard","has-post-thumbnail","hentry","category-destacadas","category-gobierno-del-estado-de-michoacan"],"_links":{"self":[{"href":"https:\/\/radiowebmx.com\/nota\/wp-json\/wp\/v2\/posts\/36351","targetHints":{"allow":["GET"]}}],"collection":[{"href":"https:\/\/radiowebmx.com\/nota\/wp-json\/wp\/v2\/posts"}],"about":[{"href":"https:\/\/radiowebmx.com\/nota\/wp-json\/wp\/v2\/types\/post"}],"author":[{"embeddable":true,"href":"https:\/\/radiowebmx.com\/nota\/wp-json\/wp\/v2\/users\/2"}],"replies":[{"embeddable":true,"href":"https:\/\/radiowebmx.com\/nota\/wp-json\/wp\/v2\/comments?post=36351"}],"version-history":[{"count":1,"href":"https:\/\/radiowebmx.com\/nota\/wp-json\/wp\/v2\/posts\/36351\/revisions"}],"predecessor-version":[{"id":36353,"href":"https:\/\/radiowebmx.com\/nota\/wp-json\/wp\/v2\/posts\/36351\/revisions\/36353"}],"wp:featuredmedia":[{"embeddable":true,"href":"https:\/\/radiowebmx.com\/nota\/wp-json\/wp\/v2\/media\/36352"}],"wp:attachment":[{"href":"https:\/\/radiowebmx.com\/nota\/wp-json\/wp\/v2\/media?parent=36351"}],"wp:term":[{"taxonomy":"category","embeddable":true,"href":"https:\/\/radiowebmx.com\/nota\/wp-json\/wp\/v2\/categories?post=36351"},{"taxonomy":"post_tag","embeddable":true,"href":"https:\/\/radiowebmx.com\/nota\/wp-json\/wp\/v2\/tags?post=36351"}],"curies":[{"name":"wp","href":"https:\/\/api.w.org\/{rel}","templated":true}]}}