{"id":3634,"date":"2013-08-26T13:19:12","date_gmt":"2013-08-26T18:19:12","guid":{"rendered":"https:\/\/radiowebmx.com\/nota\/?p=3634"},"modified":"2013-08-26T13:19:12","modified_gmt":"2013-08-26T18:19:12","slug":"educacion-herramienta-eficaz-para-transformar-a-la-sociedad-jesus-sierra-arias","status":"publish","type":"post","link":"https:\/\/radiowebmx.com\/nota\/educacion-herramienta-eficaz-para-transformar-a-la-sociedad-jesus-sierra-arias\/","title":{"rendered":"\u201cEDUCACI\u00d3N, HERRAMIENTA EFICAZ PARA TRANSFORMAR A LA SOCIEDAD\u201d: JES\u00daS SIERRA ARIAS"},"content":{"rendered":"<p><a href=\"https:\/\/radiowebmx.com\/nota\/wp-content\/uploads\/2013\/08\/IMG_9190.jpg\"><img loading=\"lazy\" decoding=\"async\" class=\"alignleft size-full wp-image-3635\" alt=\"IMG_9190\" src=\"https:\/\/radiowebmx.com\/nota\/wp-content\/uploads\/2013\/08\/IMG_9190.jpg\" width=\"591\" height=\"393\" \/><\/a>Al presidir la ceremonia de graduaci\u00f3n de la Maestr\u00eda en Competencias Pedag\u00f3gicas para la Acci\u00f3n Educativa de la Universidad Virtual del Estado de Michoac\u00e1n, el secretario de Educaci\u00f3n Jes\u00fas Sierra Arias, se\u00f1al\u00f3 que la educaci\u00f3n es la herramienta eficaz para transformar a la sociedad y convoc\u00f3 a los diferentes sectores de la sociedad a buscar reflexiones honestas, sinceras y propositivas para encontrar soluciones a los problemas y evitar los llamados estridentes y convocatorias al precipicio.<\/p>\n<p>Ante alumnos, maestros y acad\u00e9micos, Sierra Arias se\u00f1al\u00f3 que un ejemplo claro de que Michoac\u00e1n va por buen camino, es la graduaci\u00f3n de \u201cestos j\u00f3venes de la UNIVIM que demuestran que quieren ser mejores en la vida y en su profesi\u00f3n\u201d.<\/p>\n<p>\u201cUstedes que est\u00e1n obteniendo mejores herramientas de mayor calidad para educar, son quienes mejor est\u00e1n haciendo el trabajo de mayor calado y de mayor duraci\u00f3n, porque van a trasmitir conocimientos para que los seres humanos a los que ustedes est\u00e1n formando, tengan mayor claridad de c\u00f3mo resolver problemas sociales\u201d, agreg\u00f3 el secretario de Educaci\u00f3n.<\/p>\n<p>En este sentido, dijo que la educaci\u00f3n es la herramienta eficaz para trasformar a la sociedad\u00a0 y \u201csiempre la aspiraci\u00f3n de los padres es que sus hijos asistan a ella, porque en ello ponen toda su esperanza, toda su fe, todo su empe\u00f1o no solo para que su hijo mejore sino para que la familia y\u00a0 la sociedad a la que pertenecen, tenga un mejor futuro\u201d.<\/p>\n<p>En otra parte de su intervenci\u00f3n, el funcionario estatal apunt\u00f3 que en Michoac\u00e1n, quien tenga el deseo de estudiar, lo puede hacer porque ni\u00f1os, adolescentes, j\u00f3venes, adultos y hasta personas de la tercera edad cuentan y tienen diversas opciones para ello; y se\u00f1al\u00f3 que, \u201clo que nos proporciona la educaci\u00f3n, son herramientas para analizar el presente, para tomar las mejores decisiones y sobre todo para moldear nuestro futuro\u201d.<\/p>\n<p>El encargado de la pol\u00edtica educativa en la entidad, inform\u00f3 adem\u00e1s que el gobierno federal est\u00e1 tomando decisiones de ra\u00edz a nivel nacional que pretenden que haya mejores ciclos escolares, pero las cosas no cambian de la noche a la ma\u00f1ana ni suceden por simple imposici\u00f3n, porque despu\u00e9s de una norma, viene un proceso de asentamiento .<\/p>\n<p>\u201cA nosotros en Michoac\u00e1n y a la sociedad en la que hoy vivimos, le est\u00e1 correspondiendo el momento hist\u00f3rico de la implementaci\u00f3n de una Reforma Educativa y la tenemos que hacer no con el l\u00e1tigo ni la amenaza de la norma, sino con el convencimiento y las herramientas que nos ha dado la educaci\u00f3n: di\u00e1logo\u201d, dijo.<\/p>\n<p>Finalmente, Sierra Arias reconoci\u00f3 que el estado transita y asiste a un escenario in\u00e9dito en donde \u201ca pesar de los conflictos, la sociedad es el motor de todo y asume su responsabilidad y le da el voto de confianza a la autoridad para que juntos vayamos al fortalecimiento de las acciones que nos van a dar viabilidad como sociedad m\u00e1s adelante\u201d.<\/p>\n","protected":false},"excerpt":{"rendered":"<p>Al presidir la ceremonia de graduaci\u00f3n de la Maestr\u00eda en Competencias Pedag\u00f3gicas para la Acci\u00f3n Educativa de la Universidad Virtual del Estado de Michoac\u00e1n, <\/p>\n","protected":false},"author":1,"featured_media":0,"comment_status":"open","ping_status":"open","sticky":false,"template":"","format":"standard","meta":{"footnotes":""},"categories":[14,3],"tags":[],"class_list":["post-3634","post","type-post","status-publish","format-standard","hentry","category-destacadas","category-gobierno-del-estado-de-michoacan"],"_links":{"self":[{"href":"https:\/\/radiowebmx.com\/nota\/wp-json\/wp\/v2\/posts\/3634","targetHints":{"allow":["GET"]}}],"collection":[{"href":"https:\/\/radiowebmx.com\/nota\/wp-json\/wp\/v2\/posts"}],"about":[{"href":"https:\/\/radiowebmx.com\/nota\/wp-json\/wp\/v2\/types\/post"}],"author":[{"embeddable":true,"href":"https:\/\/radiowebmx.com\/nota\/wp-json\/wp\/v2\/users\/1"}],"replies":[{"embeddable":true,"href":"https:\/\/radiowebmx.com\/nota\/wp-json\/wp\/v2\/comments?post=3634"}],"version-history":[{"count":1,"href":"https:\/\/radiowebmx.com\/nota\/wp-json\/wp\/v2\/posts\/3634\/revisions"}],"predecessor-version":[{"id":3636,"href":"https:\/\/radiowebmx.com\/nota\/wp-json\/wp\/v2\/posts\/3634\/revisions\/3636"}],"wp:attachment":[{"href":"https:\/\/radiowebmx.com\/nota\/wp-json\/wp\/v2\/media?parent=3634"}],"wp:term":[{"taxonomy":"category","embeddable":true,"href":"https:\/\/radiowebmx.com\/nota\/wp-json\/wp\/v2\/categories?post=3634"},{"taxonomy":"post_tag","embeddable":true,"href":"https:\/\/radiowebmx.com\/nota\/wp-json\/wp\/v2\/tags?post=3634"}],"curies":[{"name":"wp","href":"https:\/\/api.w.org\/{rel}","templated":true}]}}