{"id":36323,"date":"2017-05-22T14:08:44","date_gmt":"2017-05-22T19:08:44","guid":{"rendered":"https:\/\/radiowebmx.com\/nota\/?p=36323"},"modified":"2017-05-22T14:26:58","modified_gmt":"2017-05-22T19:26:58","slug":"reforzara-michoacan-medidas-de-proteccion-a-periodistas-y-defensores-de-dh-adrian-lopez","status":"publish","type":"post","link":"https:\/\/radiowebmx.com\/nota\/reforzara-michoacan-medidas-de-proteccion-a-periodistas-y-defensores-de-dh-adrian-lopez\/","title":{"rendered":"Reforzar\u00e1 Michoac\u00e1n medidas de protecci\u00f3n a periodistas y defensores de DH: Adri\u00e1n L\u00f3pez"},"content":{"rendered":"<p><a href=\"https:\/\/radiowebmx.com\/nota\/wp-content\/uploads\/2017\/05\/de8b7776-1ba2-40b3-93c6-e6d1c0b6b8ec.jpeg\"><img loading=\"lazy\" decoding=\"async\" class=\"alignnone size-medium wp-image-36324\" src=\"https:\/\/radiowebmx.com\/nota\/wp-content\/uploads\/2017\/05\/de8b7776-1ba2-40b3-93c6-e6d1c0b6b8ec-595x388.jpeg\" alt=\"\" width=\"595\" height=\"388\" srcset=\"https:\/\/radiowebmx.com\/nota\/wp-content\/uploads\/2017\/05\/de8b7776-1ba2-40b3-93c6-e6d1c0b6b8ec-595x388.jpeg 595w, https:\/\/radiowebmx.com\/nota\/wp-content\/uploads\/2017\/05\/de8b7776-1ba2-40b3-93c6-e6d1c0b6b8ec.jpeg 709w\" sizes=\"auto, (max-width: 595px) 100vw, 595px\" \/><\/a><\/p>\n<p>&nbsp;<\/p>\n<p><strong>Ciudad de M\u00e9xico, a 22 de mayo de 2017.-<\/strong> El secretario de Gobierno, Adri\u00e1n L\u00f3pez Sol\u00eds, acudi\u00f3 hoy a una reuni\u00f3n de trabajo con el Consejo y Junta de Gobierno del Mecanismo de Protecci\u00f3n para Personas Defensoras de Derechos Humanos y Periodistas, a fin reforzar las medidas de cooperaci\u00f3n y coordinaci\u00f3n entre los Estados y la Federaci\u00f3n.<\/p>\n<p>En la Secretar\u00eda de Gobernaci\u00f3n, y tras la reuni\u00f3n convocada por el subsecretario de Derechos Humanos, Roberto Campa Cifri\u00e1n, en seguimiento a los acuerdos realizados por la Conferencia Nacional de Gobernadores (Conago), los Secretarios de Gobierno de las 32 entidades se reunieron para revisar las acciones, objetivos y mecanismos en materia de prevenci\u00f3n y protecci\u00f3n de las garant\u00edas de los comunicadores y defensores de derechos humanos de todo el pa\u00eds.<\/p>\n<p>L\u00f3pez Sol\u00eds sostuvo que se establecer\u00e1n una serie de acciones de prevenci\u00f3n, invitando a los legisladores y periodistas a revisar en conjunto las leyes en la materia, a desarrollar los mecanismos y protocolos de prevenci\u00f3n local de agresiones en contra de la libertad de expresi\u00f3n.<\/p>\n<p>Sostuvo que en simult\u00e1neo a estas actividades, las corporaciones de investigaci\u00f3n y seguridad contin\u00faan con los operativos de b\u00fasqueda permanente para la localizaci\u00f3n del comunicador Salvador Adame.<\/p>\n<p>Subray\u00f3 que el Gobierno de Michoac\u00e1n es sensible a los acontecimientos recientes en el pa\u00eds, y expuso: &#8220;Tal como lo se\u00f1al\u00f3 el Gobernador Silvano Aureoles Conejo la semana pasada en la Conago, Michoac\u00e1n refrenda su compromiso con hombres y mujeres encargados de la defensa de los derechos y el periodismo. Desde la Secretar\u00eda de Gobierno atendemos con sensibilidad las recomendaciones y consideraciones realizadas por las instancias correspondientes en la materia&#8221;.<\/p>\n<p>Finalmente, anunci\u00f3 que en los pr\u00f3ximos d\u00edas se iniciar\u00e1 la elaboraci\u00f3n de un diagn\u00f3stico de riesgos por municipio en la materia y se nombrar\u00e1 un enlace de contacto permanente que d\u00e9 seguimiento a las consideraciones que se realicen en cada una de los ayuntamientos.<\/p>\n","protected":false},"excerpt":{"rendered":"<p>&nbsp; Ciudad de M\u00e9xico, a 22 de mayo de 2017.- El secretario de Gobierno, Adri\u00e1n L\u00f3pez Sol\u00eds, acudi\u00f3 hoy a una reuni\u00f3n de trabajo con el Consejo y Junta de Gobierno del Mecanismo de Protecci\u00f3n para Personas Defensoras de Derechos Humanos y Periodistas, a fin reforzar las medidas de cooperaci\u00f3n y coordinaci\u00f3n entre los Estados [&hellip;]<\/p>\n","protected":false},"author":2,"featured_media":36324,"comment_status":"closed","ping_status":"closed","sticky":false,"template":"","format":"standard","meta":{"footnotes":""},"categories":[14,3],"tags":[],"class_list":["post-36323","post","type-post","status-publish","format-standard","has-post-thumbnail","hentry","category-destacadas","category-gobierno-del-estado-de-michoacan"],"_links":{"self":[{"href":"https:\/\/radiowebmx.com\/nota\/wp-json\/wp\/v2\/posts\/36323","targetHints":{"allow":["GET"]}}],"collection":[{"href":"https:\/\/radiowebmx.com\/nota\/wp-json\/wp\/v2\/posts"}],"about":[{"href":"https:\/\/radiowebmx.com\/nota\/wp-json\/wp\/v2\/types\/post"}],"author":[{"embeddable":true,"href":"https:\/\/radiowebmx.com\/nota\/wp-json\/wp\/v2\/users\/2"}],"replies":[{"embeddable":true,"href":"https:\/\/radiowebmx.com\/nota\/wp-json\/wp\/v2\/comments?post=36323"}],"version-history":[{"count":1,"href":"https:\/\/radiowebmx.com\/nota\/wp-json\/wp\/v2\/posts\/36323\/revisions"}],"predecessor-version":[{"id":36325,"href":"https:\/\/radiowebmx.com\/nota\/wp-json\/wp\/v2\/posts\/36323\/revisions\/36325"}],"wp:featuredmedia":[{"embeddable":true,"href":"https:\/\/radiowebmx.com\/nota\/wp-json\/wp\/v2\/media\/36324"}],"wp:attachment":[{"href":"https:\/\/radiowebmx.com\/nota\/wp-json\/wp\/v2\/media?parent=36323"}],"wp:term":[{"taxonomy":"category","embeddable":true,"href":"https:\/\/radiowebmx.com\/nota\/wp-json\/wp\/v2\/categories?post=36323"},{"taxonomy":"post_tag","embeddable":true,"href":"https:\/\/radiowebmx.com\/nota\/wp-json\/wp\/v2\/tags?post=36323"}],"curies":[{"name":"wp","href":"https:\/\/api.w.org\/{rel}","templated":true}]}}