{"id":36320,"date":"2017-05-21T12:06:16","date_gmt":"2017-05-21T17:06:16","guid":{"rendered":"https:\/\/radiowebmx.com\/nota\/?p=36320"},"modified":"2017-05-22T14:24:34","modified_gmt":"2017-05-22T19:24:34","slug":"fomento-a-la-educacion-principio-cardenista-que-se-impulsa-en-morelia-alejandro-amante","status":"publish","type":"post","link":"https:\/\/radiowebmx.com\/nota\/fomento-a-la-educacion-principio-cardenista-que-se-impulsa-en-morelia-alejandro-amante\/","title":{"rendered":"Fomento a la educaci\u00f3n, principio Cardenista que se impulsa en Morelia: Alejandro Amante"},"content":{"rendered":"<p><a href=\"https:\/\/radiowebmx.com\/nota\/wp-content\/uploads\/2017\/05\/dc3bb87a-3bd1-4b2b-b650-cfbf068aaded.jpg\"><img loading=\"lazy\" decoding=\"async\" class=\"alignnone size-medium wp-image-36321\" src=\"https:\/\/radiowebmx.com\/nota\/wp-content\/uploads\/2017\/05\/dc3bb87a-3bd1-4b2b-b650-cfbf068aaded-595x396.jpg\" alt=\"\" width=\"595\" height=\"396\" srcset=\"https:\/\/radiowebmx.com\/nota\/wp-content\/uploads\/2017\/05\/dc3bb87a-3bd1-4b2b-b650-cfbf068aaded-595x396.jpg 595w, https:\/\/radiowebmx.com\/nota\/wp-content\/uploads\/2017\/05\/dc3bb87a-3bd1-4b2b-b650-cfbf068aaded.jpg 709w\" sizes=\"auto, (max-width: 595px) 100vw, 595px\" \/><\/a><\/p>\n<p>&nbsp;<\/p>\n<p>El Gobierno Municipal Independiente que encabeza el\u00a0Alcalde, Alfonso Mart\u00ednez Alc\u00e1zar, concibe y conoce la importancia de la educaci\u00f3n, asegur\u00f3 el Director General del Colegio de Morelia, Alejandro Amante Urbina, en el marco del CXXII Aniversario del Natalicio del General, L\u00e1zaro C\u00e1rdenas del R\u00edo, actor\u00a0pol\u00edtico que atendi\u00f3 de manera prioritaria este tema como actualmente se fomenta el\u00a0posicionar a la urbe de la Cantera Rosa como la ciudad m\u00e1s educada del pa\u00eds.<\/p>\n<p>En su car\u00e1cter de orador oficial de este evento Alejandro Amante record\u00f3 que L\u00e1zaro C\u00e1rdenas disminuy\u00f3 el gasto p\u00fablico e increment\u00f3 la inversi\u00f3n en econom\u00eda y educaci\u00f3n, en este \u00faltimo rubro impuls\u00f3 la accesibilidad para todos los mexicanos.<\/p>\n<p>El Director General del Colegio de Morelia destac\u00f3 que el trabajo impulsa el Gobierno Independiente se realiza en beneficio de la poblaci\u00f3n, y adem\u00e1s de fomentar la educaci\u00f3n se busca reposicionar a la ciudad como el mejor destino tur\u00edstico y de cultura de M\u00e9xico.<\/p>\n<p>Acompa\u00f1ado por el Subsecretario de Gobierno, Armando Hurtado Ar\u00e9valo, el Secretario del Ayuntamiento,\u00a0 Jes\u00fas \u00c1valos Plata, el Mayor de Infanter\u00eda de la 21\/a Zona Militar,\u00a0 Ponciano Franco Hern\u00e1ndez, el Director del Centro de Estudios sobre la Cultura Nicolaita de la Universidad Michoacana, Sergio Garc\u00eda \u00c1vila , el Subsecretario de Educaci\u00f3n Superior de la Secretar\u00eda de Educaci\u00f3n del Estado,\u00a0 Francisco S\u00e1nchez Alfonso, Alejandro Amante invit\u00f3 a recordar los principios Cardenistas, legado que permiti\u00f3 cimentar una nueva cultura pol\u00edtica para servir al pueblo.<\/p>\n<p>Refiri\u00f3 que as\u00ed como los retos que se enfrent\u00f3 L\u00e1zaro C\u00e1rdenas del R\u00edo, estos obst\u00e1culos siguen vigentes y obligan a las autoridades de cualquier \u00edndole a hacer mejores pol\u00edticas p\u00fablicas que den resultados tangibles, con eficacia, transparencia y la convicci\u00f3n de que el di\u00e1logo entre los distintos \u00f3rdenes de Gobierno\u00a0 podr\u00e1 concretar la obra de C\u00e1rdenas.<\/p>\n<p>Asegur\u00f3 que hoy en Morelia existen espacios para la planeaci\u00f3n y se da con transparencia el manejo de los recursos, y exhort\u00f3 a los distintos niveles de Gobierno a trazar nuevas y novedosas pol\u00edticas p\u00fablicas con vinculaci\u00f3n con las instituciones p\u00fablicas y privadas de la sociedad civil organizada en todos los rubros.<\/p>\n<p>Afirm\u00f3 que en Morelia se construye una nueva cultura con m\u00e1s participaci\u00f3n ciudadana y por primera vez se logr\u00f3 materializar un plan integral de desarrollo del municipio a mediano y largo plazo, Morelia Next, proyecto que se\u00f1alar\u00eda va m\u00e1s all\u00e1 de los periodos de Gobierno y compromete a las autoridades a cumplirlo al demandarlo as\u00ed la gente.<\/p>\n<p>Finalmente, invit\u00f3 a compartir y vivir intensamente todos los valores que el General L\u00e1zaro C\u00e1rdenas del R\u00edo dio\u00a0con su ejemplo.<\/p>\n<p>Posteriormente al discurso oficial, autoridades presentes hicieron el dep\u00f3sito de ofrenda floral en el Obelisco al General y montaron guardia de honor.<\/p>\n","protected":false},"excerpt":{"rendered":"<p>&nbsp; El Gobierno Municipal Independiente que encabeza el\u00a0Alcalde, Alfonso Mart\u00ednez Alc\u00e1zar, concibe y conoce la importancia de la educaci\u00f3n, asegur\u00f3 el Director General del Colegio de Morelia, Alejandro Amante Urbina, en el marco del CXXII Aniversario del Natalicio del General, L\u00e1zaro C\u00e1rdenas del R\u00edo, actor\u00a0pol\u00edtico que atendi\u00f3 de manera prioritaria este tema como actualmente se [&hellip;]<\/p>\n","protected":false},"author":2,"featured_media":36321,"comment_status":"closed","ping_status":"closed","sticky":false,"template":"","format":"standard","meta":{"footnotes":""},"categories":[14,9],"tags":[],"class_list":["post-36320","post","type-post","status-publish","format-standard","has-post-thumbnail","hentry","category-destacadas","category-morelia"],"_links":{"self":[{"href":"https:\/\/radiowebmx.com\/nota\/wp-json\/wp\/v2\/posts\/36320","targetHints":{"allow":["GET"]}}],"collection":[{"href":"https:\/\/radiowebmx.com\/nota\/wp-json\/wp\/v2\/posts"}],"about":[{"href":"https:\/\/radiowebmx.com\/nota\/wp-json\/wp\/v2\/types\/post"}],"author":[{"embeddable":true,"href":"https:\/\/radiowebmx.com\/nota\/wp-json\/wp\/v2\/users\/2"}],"replies":[{"embeddable":true,"href":"https:\/\/radiowebmx.com\/nota\/wp-json\/wp\/v2\/comments?post=36320"}],"version-history":[{"count":1,"href":"https:\/\/radiowebmx.com\/nota\/wp-json\/wp\/v2\/posts\/36320\/revisions"}],"predecessor-version":[{"id":36322,"href":"https:\/\/radiowebmx.com\/nota\/wp-json\/wp\/v2\/posts\/36320\/revisions\/36322"}],"wp:featuredmedia":[{"embeddable":true,"href":"https:\/\/radiowebmx.com\/nota\/wp-json\/wp\/v2\/media\/36321"}],"wp:attachment":[{"href":"https:\/\/radiowebmx.com\/nota\/wp-json\/wp\/v2\/media?parent=36320"}],"wp:term":[{"taxonomy":"category","embeddable":true,"href":"https:\/\/radiowebmx.com\/nota\/wp-json\/wp\/v2\/categories?post=36320"},{"taxonomy":"post_tag","embeddable":true,"href":"https:\/\/radiowebmx.com\/nota\/wp-json\/wp\/v2\/tags?post=36320"}],"curies":[{"name":"wp","href":"https:\/\/api.w.org\/{rel}","templated":true}]}}