{"id":36317,"date":"2017-05-21T11:23:00","date_gmt":"2017-05-21T16:23:00","guid":{"rendered":"https:\/\/radiowebmx.com\/nota\/?p=36317"},"modified":"2017-05-22T14:21:18","modified_gmt":"2017-05-22T19:21:18","slug":"con-amplio-reconocimiento-a-la-figura-materna-culminan-los-festejos-del-dia-de-la-madre-en-morelia","status":"publish","type":"post","link":"https:\/\/radiowebmx.com\/nota\/con-amplio-reconocimiento-a-la-figura-materna-culminan-los-festejos-del-dia-de-la-madre-en-morelia\/","title":{"rendered":"Con amplio reconocimiento a la figura materna culminan los festejos del D\u00eda de la Madre en Morelia"},"content":{"rendered":"<p><a href=\"https:\/\/radiowebmx.com\/nota\/wp-content\/uploads\/2017\/05\/3971bc15-ce86-435c-a6b0-858bedfc032e.jpg\"><img loading=\"lazy\" decoding=\"async\" class=\"alignnone size-medium wp-image-36318\" src=\"https:\/\/radiowebmx.com\/nota\/wp-content\/uploads\/2017\/05\/3971bc15-ce86-435c-a6b0-858bedfc032e-595x396.jpg\" alt=\"\" width=\"595\" height=\"396\" srcset=\"https:\/\/radiowebmx.com\/nota\/wp-content\/uploads\/2017\/05\/3971bc15-ce86-435c-a6b0-858bedfc032e-595x396.jpg 595w, https:\/\/radiowebmx.com\/nota\/wp-content\/uploads\/2017\/05\/3971bc15-ce86-435c-a6b0-858bedfc032e.jpg 709w\" sizes=\"auto, (max-width: 595px) 100vw, 595px\" \/><\/a><\/p>\n<p>&nbsp;<\/p>\n<p>Con cercan\u00eda y en plena convivencia con las madres de familia, el Alcalde Alfonso Mart\u00ednez Alc\u00e1zar acompa\u00f1ado por el Secretario de Administraci\u00f3n, Yankel Ben\u00edtez Silva, el encargado de despacho del IMDE, Salvador Alegre \u00a0Alvarado y \u00a0el Regidor F\u00e9lix Madrigal Pulido, realiz\u00f3 un extenso reconocimiento a la labor maternal en el municipio.<\/p>\n<p>Lo anterior tuvo lugar en el Auditorio Municipal ubicado en la colonia Ventura Puente, lugar en el cual culminaron los Festejos del D\u00eda de la Madre con alegr\u00eda y compa\u00f1\u00eda de las homenajeadas, quienes convivieron con los funcionarios municipales encabezados por el Presidente Municipal.<\/p>\n<p>El Jefe de la Comuna Moreliana reconoci\u00f3 a las mam\u00e1s del municipio como el n\u00facleo de las familias y record\u00f3 que dentro de su gran labor y contribuci\u00f3n a esta sociedad, tienen sobre sus hombros la responsabilidad de inculcar valores a los hijos.<\/p>\n<p>Mart\u00ednez Alc\u00e1zar comparti\u00f3 con las mam\u00e1s morelianas an\u00e9cdotas desde su visi\u00f3n de padre y la formaci\u00f3n de los hijos, el compromiso que significa y valor\u00f3 todo el sacrificio que una madre de familia hace por sus ni\u00f1os para sacarlos adelante.<\/p>\n<p>Les record\u00f3 que en el Gobierno Municipal que encabeza tienen un aliado para que esta labor sea m\u00e1s llevadera con las acciones y programas de las diferentes dependencias municipales en favor las se\u00f1oras madres.<\/p>\n<p>Alfonso Mart\u00ednez mostr\u00f3 su pleno respeto a la figura materna desde sus diversas facetas, como consejeras de los hijos, profesionistas al frente del hogar y grandes administradores de los ingresos del hogar.<\/p>\n<p>De esta manera, el Ayuntamiento de Morelia concluy\u00f3 con los Festejos del D\u00eda de la Madre, al llevar a diversas colonias populares alegr\u00edas y agradeci\u00f3 a todas las mam\u00e1s que acudieron y disfrutaron de las actividades y convivencia con las autoridades municipales.<\/p>\n","protected":false},"excerpt":{"rendered":"<p>&nbsp; Con cercan\u00eda y en plena convivencia con las madres de familia, el Alcalde Alfonso Mart\u00ednez Alc\u00e1zar acompa\u00f1ado por el Secretario de Administraci\u00f3n, Yankel Ben\u00edtez Silva, el encargado de despacho del IMDE, Salvador Alegre \u00a0Alvarado y \u00a0el Regidor F\u00e9lix Madrigal Pulido, realiz\u00f3 un extenso reconocimiento a la labor maternal en el municipio. Lo anterior tuvo [&hellip;]<\/p>\n","protected":false},"author":2,"featured_media":36318,"comment_status":"closed","ping_status":"closed","sticky":false,"template":"","format":"standard","meta":{"footnotes":""},"categories":[14,9],"tags":[],"class_list":["post-36317","post","type-post","status-publish","format-standard","has-post-thumbnail","hentry","category-destacadas","category-morelia"],"_links":{"self":[{"href":"https:\/\/radiowebmx.com\/nota\/wp-json\/wp\/v2\/posts\/36317","targetHints":{"allow":["GET"]}}],"collection":[{"href":"https:\/\/radiowebmx.com\/nota\/wp-json\/wp\/v2\/posts"}],"about":[{"href":"https:\/\/radiowebmx.com\/nota\/wp-json\/wp\/v2\/types\/post"}],"author":[{"embeddable":true,"href":"https:\/\/radiowebmx.com\/nota\/wp-json\/wp\/v2\/users\/2"}],"replies":[{"embeddable":true,"href":"https:\/\/radiowebmx.com\/nota\/wp-json\/wp\/v2\/comments?post=36317"}],"version-history":[{"count":1,"href":"https:\/\/radiowebmx.com\/nota\/wp-json\/wp\/v2\/posts\/36317\/revisions"}],"predecessor-version":[{"id":36319,"href":"https:\/\/radiowebmx.com\/nota\/wp-json\/wp\/v2\/posts\/36317\/revisions\/36319"}],"wp:featuredmedia":[{"embeddable":true,"href":"https:\/\/radiowebmx.com\/nota\/wp-json\/wp\/v2\/media\/36318"}],"wp:attachment":[{"href":"https:\/\/radiowebmx.com\/nota\/wp-json\/wp\/v2\/media?parent=36317"}],"wp:term":[{"taxonomy":"category","embeddable":true,"href":"https:\/\/radiowebmx.com\/nota\/wp-json\/wp\/v2\/categories?post=36317"},{"taxonomy":"post_tag","embeddable":true,"href":"https:\/\/radiowebmx.com\/nota\/wp-json\/wp\/v2\/tags?post=36317"}],"curies":[{"name":"wp","href":"https:\/\/api.w.org\/{rel}","templated":true}]}}