{"id":36311,"date":"2017-05-21T00:13:13","date_gmt":"2017-05-21T05:13:13","guid":{"rendered":"https:\/\/radiowebmx.com\/nota\/?p=36311"},"modified":"2017-05-22T14:14:39","modified_gmt":"2017-05-22T19:14:39","slug":"bronco-hace-vibrar-a-miles-en-la-expo-fiesta-michoacan","status":"publish","type":"post","link":"https:\/\/radiowebmx.com\/nota\/bronco-hace-vibrar-a-miles-en-la-expo-fiesta-michoacan\/","title":{"rendered":"Bronco hace vibrar a miles en la Expo Fiesta Michoac\u00e1n"},"content":{"rendered":"<ul>\n<li>Plaza de Toros abarrotada con el Campeonato de Caballos Bailadores.<\/li>\n<\/ul>\n<p>&nbsp;<\/p>\n<p><a href=\"https:\/\/radiowebmx.com\/nota\/wp-content\/uploads\/2017\/05\/24b66e60-5f6c-46a2-a085-3e1636212223.jpg\"><img loading=\"lazy\" decoding=\"async\" class=\"alignnone size-medium wp-image-36312\" src=\"https:\/\/radiowebmx.com\/nota\/wp-content\/uploads\/2017\/05\/24b66e60-5f6c-46a2-a085-3e1636212223-595x396.jpg\" alt=\"\" width=\"595\" height=\"396\" srcset=\"https:\/\/radiowebmx.com\/nota\/wp-content\/uploads\/2017\/05\/24b66e60-5f6c-46a2-a085-3e1636212223-595x396.jpg 595w, https:\/\/radiowebmx.com\/nota\/wp-content\/uploads\/2017\/05\/24b66e60-5f6c-46a2-a085-3e1636212223.jpg 709w\" sizes=\"auto, (max-width: 595px) 100vw, 595px\" \/><\/a><\/p>\n<p>&nbsp;<\/p>\n<p><strong>Morelia, Michoac\u00e1n, a 20 de mayo de 2017<\/strong>.- Esta noche se present\u00f3 Bronco con rotutndo \u00e9xito en la Expo Fiesta Michoac\u00e1n 2017.<\/p>\n<p>&nbsp;<\/p>\n<p>En conferencia de prensa, el grupo coment\u00f3 que la clave de mantenerse en la escena musical y en el gusto del p\u00fablico es renovarse; por tal motivo, \u201cEl gigante de Am\u00e9rica\u201d ya suena en la radio, as\u00ed como en diferentes plataformas digitales, con sus dos primeros sencillos: &#8220;Nunca voy a olvidarte&#8221;, a dueto con Cristian Castro, y\u00a0&#8220;Sergio el bailador&#8221;, con Illya Kuryaki &amp; The Valderramas.<\/p>\n<p>&nbsp;<\/p>\n<p>Cabe se\u00f1alar que con este material el grupo entra tambi\u00e9n en una etapa de cambios, con el objetivo de continuar en la escena musical y llegar a las nuevas generaciones.<\/p>\n<p>&nbsp;<\/p>\n<p>Parte importante de estos cambios es la suma de nuevos integrantes, Ren\u00e9 y Jos\u00e9 Esparza, hijos de Lupe Esparza, l\u00edder y voz de Bronco. La alineaci\u00f3n la completan Ramiro Delgado y Javier Cant\u00fa.<\/p>\n<p>&nbsp;<\/p>\n<p>Adem\u00e1s, las y los asistentes al Recinto Ferial disfrutaron de eventos gratuitos de primer nivel, como el Campeonato de Caballos Bailadores en la Plaza de Toros de la Expo Fiesta Michoac\u00e1n 2017.<\/p>\n<p>&nbsp;<\/p>\n<p>Por primera vez en su historia, la Expo Fiesta Michoac\u00e1 ofrece la Pista de Hielo completamente gratis; de igual forma, las y los ni\u00f1os de hasta un metro de estatura, las personas con discapacidad, y las y los adultos mayores que prestenten su credencial del INAPAM entran gratis al Recinto Ferial.<\/p>\n<p>&nbsp;<\/p>\n<p>La informaci\u00f3n oficial sobre la Expo Fiesta Michoac\u00e1n 2017 s\u00f3lo es difundida en el portal de Internet http:\/\/www.expofiestamichoacan.mx\/, en el Twitter @ExpoFiestaMich y en el perfil de Facebook www.facebook.com\/ExpofiestaMich.<\/p>\n<p>&nbsp;<\/p>\n","protected":false},"excerpt":{"rendered":"<p>Plaza de Toros abarrotada con el Campeonato de Caballos Bailadores. &nbsp; &nbsp; Morelia, Michoac\u00e1n, a 20 de mayo de 2017.- Esta noche se present\u00f3 Bronco con rotutndo \u00e9xito en la Expo Fiesta Michoac\u00e1n 2017. &nbsp; En conferencia de prensa, el grupo coment\u00f3 que la clave de mantenerse en la escena musical y en el gusto [&hellip;]<\/p>\n","protected":false},"author":2,"featured_media":36312,"comment_status":"closed","ping_status":"closed","sticky":false,"template":"","format":"standard","meta":{"footnotes":""},"categories":[14,3],"tags":[],"class_list":["post-36311","post","type-post","status-publish","format-standard","has-post-thumbnail","hentry","category-destacadas","category-gobierno-del-estado-de-michoacan"],"_links":{"self":[{"href":"https:\/\/radiowebmx.com\/nota\/wp-json\/wp\/v2\/posts\/36311","targetHints":{"allow":["GET"]}}],"collection":[{"href":"https:\/\/radiowebmx.com\/nota\/wp-json\/wp\/v2\/posts"}],"about":[{"href":"https:\/\/radiowebmx.com\/nota\/wp-json\/wp\/v2\/types\/post"}],"author":[{"embeddable":true,"href":"https:\/\/radiowebmx.com\/nota\/wp-json\/wp\/v2\/users\/2"}],"replies":[{"embeddable":true,"href":"https:\/\/radiowebmx.com\/nota\/wp-json\/wp\/v2\/comments?post=36311"}],"version-history":[{"count":1,"href":"https:\/\/radiowebmx.com\/nota\/wp-json\/wp\/v2\/posts\/36311\/revisions"}],"predecessor-version":[{"id":36313,"href":"https:\/\/radiowebmx.com\/nota\/wp-json\/wp\/v2\/posts\/36311\/revisions\/36313"}],"wp:featuredmedia":[{"embeddable":true,"href":"https:\/\/radiowebmx.com\/nota\/wp-json\/wp\/v2\/media\/36312"}],"wp:attachment":[{"href":"https:\/\/radiowebmx.com\/nota\/wp-json\/wp\/v2\/media?parent=36311"}],"wp:term":[{"taxonomy":"category","embeddable":true,"href":"https:\/\/radiowebmx.com\/nota\/wp-json\/wp\/v2\/categories?post=36311"},{"taxonomy":"post_tag","embeddable":true,"href":"https:\/\/radiowebmx.com\/nota\/wp-json\/wp\/v2\/tags?post=36311"}],"curies":[{"name":"wp","href":"https:\/\/api.w.org\/{rel}","templated":true}]}}