{"id":36296,"date":"2017-05-20T13:00:26","date_gmt":"2017-05-20T18:00:26","guid":{"rendered":"https:\/\/radiowebmx.com\/nota\/?p=36296"},"modified":"2017-05-22T13:57:53","modified_gmt":"2017-05-22T18:57:53","slug":"hoy-bronco-y-julion-alvarez-en-la-expo-fiesta-michoacan","status":"publish","type":"post","link":"https:\/\/radiowebmx.com\/nota\/hoy-bronco-y-julion-alvarez-en-la-expo-fiesta-michoacan\/","title":{"rendered":"Hoy, Bronco y Juli\u00f3n \u00c1lvarez en la Expo Fiesta Michoac\u00e1n"},"content":{"rendered":"<p><a href=\"https:\/\/radiowebmx.com\/nota\/wp-content\/uploads\/2017\/05\/a0860565-4686-4ae3-989e-fc2b60a05573.jpeg\"><img loading=\"lazy\" decoding=\"async\" class=\"alignnone size-medium wp-image-36297\" src=\"https:\/\/radiowebmx.com\/nota\/wp-content\/uploads\/2017\/05\/a0860565-4686-4ae3-989e-fc2b60a05573-595x396.jpeg\" alt=\"\" width=\"595\" height=\"396\" srcset=\"https:\/\/radiowebmx.com\/nota\/wp-content\/uploads\/2017\/05\/a0860565-4686-4ae3-989e-fc2b60a05573-595x396.jpeg 595w, https:\/\/radiowebmx.com\/nota\/wp-content\/uploads\/2017\/05\/a0860565-4686-4ae3-989e-fc2b60a05573.jpeg 709w\" sizes=\"auto, (max-width: 595px) 100vw, 595px\" \/><\/a><\/p>\n<p>&nbsp;<\/p>\n<p><strong>Morelia, Michoac\u00e1n, a 20 de mayo de 2017.-<\/strong> Esta noche el Teatro del Pueblo de la Expo Fiesta Michoac\u00e1n recibe a Bronco, que ofrecer\u00e1 un concierto totalmente gratis para quienes adquieran su boleto de entrada al Recinto Ferial, el cual tiene un costo de s\u00f3lo 40 pesos.<\/p>\n<p>M\u00e1s tarde, en el Centro de Espect\u00e1culos se presentar\u00e1 Juli\u00f3n \u00c1lvarez.<\/p>\n<p>Adem\u00e1s, desde las 15:30 horas habr\u00e1 actividades gratuitas en la Zona Ecuestre y Ganadera, como el Campeonato Estatal de Caballos Bailadores en la Plaza de Toros.<\/p>\n<p>Asimismo, por primera vez en su historia la Expo Fiesta Michoac\u00e1n ofrece la pista de hielo completamente gratis.<\/p>\n<p>Cabe recordar que todos los d\u00edas las y los ni\u00f1os de hasta un metro de estatura, las personas con discapacidad y las y los adultos mayores que presenten su credencial del INAPAM, entran gratis al Recinto Ferial.<\/p>\n<p>La informaci\u00f3n oficial sobre la Expo Fiesta Michoac\u00e1n 2017 s\u00f3lo es difundida en el portal de Internet http:\/\/www.expofiestamichoacan.mx\/, en el Twitter @ExpoFiestaMich y en el perfil de Facebook www.facebook.com\/ExpofiestaMich.<\/p>\n","protected":false},"excerpt":{"rendered":"<p>&nbsp; Morelia, Michoac\u00e1n, a 20 de mayo de 2017.- Esta noche el Teatro del Pueblo de la Expo Fiesta Michoac\u00e1n recibe a Bronco, que ofrecer\u00e1 un concierto totalmente gratis para quienes adquieran su boleto de entrada al Recinto Ferial, el cual tiene un costo de s\u00f3lo 40 pesos. M\u00e1s tarde, en el Centro de Espect\u00e1culos [&hellip;]<\/p>\n","protected":false},"author":2,"featured_media":36297,"comment_status":"closed","ping_status":"closed","sticky":false,"template":"","format":"standard","meta":{"footnotes":""},"categories":[14,3],"tags":[],"class_list":["post-36296","post","type-post","status-publish","format-standard","has-post-thumbnail","hentry","category-destacadas","category-gobierno-del-estado-de-michoacan"],"_links":{"self":[{"href":"https:\/\/radiowebmx.com\/nota\/wp-json\/wp\/v2\/posts\/36296","targetHints":{"allow":["GET"]}}],"collection":[{"href":"https:\/\/radiowebmx.com\/nota\/wp-json\/wp\/v2\/posts"}],"about":[{"href":"https:\/\/radiowebmx.com\/nota\/wp-json\/wp\/v2\/types\/post"}],"author":[{"embeddable":true,"href":"https:\/\/radiowebmx.com\/nota\/wp-json\/wp\/v2\/users\/2"}],"replies":[{"embeddable":true,"href":"https:\/\/radiowebmx.com\/nota\/wp-json\/wp\/v2\/comments?post=36296"}],"version-history":[{"count":1,"href":"https:\/\/radiowebmx.com\/nota\/wp-json\/wp\/v2\/posts\/36296\/revisions"}],"predecessor-version":[{"id":36298,"href":"https:\/\/radiowebmx.com\/nota\/wp-json\/wp\/v2\/posts\/36296\/revisions\/36298"}],"wp:featuredmedia":[{"embeddable":true,"href":"https:\/\/radiowebmx.com\/nota\/wp-json\/wp\/v2\/media\/36297"}],"wp:attachment":[{"href":"https:\/\/radiowebmx.com\/nota\/wp-json\/wp\/v2\/media?parent=36296"}],"wp:term":[{"taxonomy":"category","embeddable":true,"href":"https:\/\/radiowebmx.com\/nota\/wp-json\/wp\/v2\/categories?post=36296"},{"taxonomy":"post_tag","embeddable":true,"href":"https:\/\/radiowebmx.com\/nota\/wp-json\/wp\/v2\/tags?post=36296"}],"curies":[{"name":"wp","href":"https:\/\/api.w.org\/{rel}","templated":true}]}}