{"id":36288,"date":"2017-05-22T13:07:43","date_gmt":"2017-05-22T18:07:43","guid":{"rendered":"https:\/\/radiowebmx.com\/nota\/?p=36288"},"modified":"2017-05-22T13:07:43","modified_gmt":"2017-05-22T18:07:43","slug":"medir-resultados-en-seguridad-y-justicia-exige-miguel-angel-villegas","status":"publish","type":"post","link":"https:\/\/radiowebmx.com\/nota\/medir-resultados-en-seguridad-y-justicia-exige-miguel-angel-villegas\/","title":{"rendered":"Medir resultados en seguridad y justicia, exige Miguel \u00c1ngel Villegas"},"content":{"rendered":"<p class=\"x_gmail-xxmsonormal\">\u00a0\u00a0\u00a0 <i><span lang=\"ES-TRAD\">El diputado del PAN propuso que los titulares de la SSP y de la PGJE comparezcan y rindan cuentas de manera peri\u00f3dica<\/span><\/i><\/p>\n<p class=\"x_gmail-xxmsonormal\"><span lang=\"ES-TRAD\">\u00a0<\/span><\/p>\n<p class=\"x_gmail-xxmsonormal\"><a href=\"https:\/\/radiowebmx.com\/nota\/wp-content\/uploads\/2017\/05\/712.jpg\"><img loading=\"lazy\" decoding=\"async\" class=\"alignnone size-medium wp-image-36289\" src=\"https:\/\/radiowebmx.com\/nota\/wp-content\/uploads\/2017\/05\/712-595x356.jpg\" alt=\"\" width=\"595\" height=\"356\" srcset=\"https:\/\/radiowebmx.com\/nota\/wp-content\/uploads\/2017\/05\/712-595x356.jpg 595w, https:\/\/radiowebmx.com\/nota\/wp-content\/uploads\/2017\/05\/712.jpg 709w\" sizes=\"auto, (max-width: 595px) 100vw, 595px\" \/><\/a><\/p>\n<p class=\"x_gmail-xxmsonormal\">\n<p class=\"x_gmail-xxmsonormal\"><b>Morelia; Michoac\u00e1n, 21 de mayo de 2017<\/b>. \u00a0<span lang=\"ES-TRAD\">Los hechos violentos que se han registrado en el estado son un motivo m\u00e1s para que en Michoac\u00e1n se eval\u00faen los resultados en materia de seguridad y procuraci\u00f3n y justicia mediante la implementaci\u00f3n de controles t\u00e9cnico-legislativos, manifest\u00f3 el diputado del Partido Acci\u00f3n Nacional (PAN), Miguel \u00c1ngel Villegas Soto.<\/span><\/p>\n<p class=\"x_gmail-xxmsonormal\"><span lang=\"ES-TRAD\">\u00a0Desde noviembre de 2015 propuso una Iniciativa de Ley en la que plantea la comparecencia abierta y transparente de los titulares de la Secretar\u00eda de Seguridad P\u00fablica y de la Procuradur\u00eda General de Justicia en el Estado (PGJE) para que de manera peri\u00f3dica rindan cuentas sobre los resultados que realizan y entreguen informaci\u00f3n que previamente solicitar\u00e1 el Poder Legislativo. \u00a0\u00a0<\/span><\/p>\n<p class=\"x_gmail-xxmsonormal\"><span lang=\"ES-TRAD\">\u00a0El diputado panista indic\u00f3 que el prop\u00f3sito es abonar al bienestar de los michoacanos. \u201cDebemos avanzar hacia una democracia funcional con controles y contrapesos para que los ciudadanos tengan la certeza y claridad de que sus representantes populares trabajan desde los diferentes \u00e1mbitos por disminuir los \u00edndices delictivos, al ser \u00e9sta la principal exigencia\u201d, indic\u00f3.<\/span><\/p>\n<p class=\"x_gmail-xxmsonormal\"><span lang=\"ES-TRAD\">\u00a0Villegas Soto consider\u00f3 que con la implementaci\u00f3n de este tipo de herramientas legislativas que garanticen la evaluaci\u00f3n t\u00e9cnica cada tres meses en materia de seguridad y justicia, se puede lograr una verdadera transformaci\u00f3n de las instituciones, pues expuso que cada vez m\u00e1s se requiere de un mayor compromiso y de la unidad de todos los michoacanos.<\/span><\/p>\n<p class=\"x_gmail-xxmsonormal\">\n","protected":false},"excerpt":{"rendered":"<p>\u00a0\u00a0\u00a0 El diputado del PAN propuso que los titulares de la SSP y de la PGJE comparezcan y rindan cuentas de manera peri\u00f3dica \u00a0 Morelia; Michoac\u00e1n, 21 de mayo de 2017. \u00a0Los hechos violentos que se han registrado en el estado son un motivo m\u00e1s para que en Michoac\u00e1n se eval\u00faen los resultados en materia [&hellip;]<\/p>\n","protected":false},"author":2,"featured_media":36289,"comment_status":"closed","ping_status":"closed","sticky":false,"template":"","format":"standard","meta":{"footnotes":""},"categories":[6,14,8],"tags":[],"class_list":["post-36288","post","type-post","status-publish","format-standard","has-post-thumbnail","hentry","category-congreso-del-estado","category-destacadas","category-grupo-parlamentario-del-pan"],"_links":{"self":[{"href":"https:\/\/radiowebmx.com\/nota\/wp-json\/wp\/v2\/posts\/36288","targetHints":{"allow":["GET"]}}],"collection":[{"href":"https:\/\/radiowebmx.com\/nota\/wp-json\/wp\/v2\/posts"}],"about":[{"href":"https:\/\/radiowebmx.com\/nota\/wp-json\/wp\/v2\/types\/post"}],"author":[{"embeddable":true,"href":"https:\/\/radiowebmx.com\/nota\/wp-json\/wp\/v2\/users\/2"}],"replies":[{"embeddable":true,"href":"https:\/\/radiowebmx.com\/nota\/wp-json\/wp\/v2\/comments?post=36288"}],"version-history":[{"count":1,"href":"https:\/\/radiowebmx.com\/nota\/wp-json\/wp\/v2\/posts\/36288\/revisions"}],"predecessor-version":[{"id":36290,"href":"https:\/\/radiowebmx.com\/nota\/wp-json\/wp\/v2\/posts\/36288\/revisions\/36290"}],"wp:featuredmedia":[{"embeddable":true,"href":"https:\/\/radiowebmx.com\/nota\/wp-json\/wp\/v2\/media\/36289"}],"wp:attachment":[{"href":"https:\/\/radiowebmx.com\/nota\/wp-json\/wp\/v2\/media?parent=36288"}],"wp:term":[{"taxonomy":"category","embeddable":true,"href":"https:\/\/radiowebmx.com\/nota\/wp-json\/wp\/v2\/categories?post=36288"},{"taxonomy":"post_tag","embeddable":true,"href":"https:\/\/radiowebmx.com\/nota\/wp-json\/wp\/v2\/tags?post=36288"}],"curies":[{"name":"wp","href":"https:\/\/api.w.org\/{rel}","templated":true}]}}