{"id":36285,"date":"2017-05-22T13:03:39","date_gmt":"2017-05-22T18:03:39","guid":{"rendered":"https:\/\/radiowebmx.com\/nota\/?p=36285"},"modified":"2017-05-22T13:03:39","modified_gmt":"2017-05-22T18:03:39","slug":"designan-a-andrea-villanueva-integrante-del-observatorio-de-participacion-politica-de-las-mujeres","status":"publish","type":"post","link":"https:\/\/radiowebmx.com\/nota\/designan-a-andrea-villanueva-integrante-del-observatorio-de-participacion-politica-de-las-mujeres\/","title":{"rendered":"Designan a Andrea Villanueva integrante del observatorio de participaci\u00f3n pol\u00edtica de las mujeres"},"content":{"rendered":"<p class=\"x_gmail-xxmsonormal\"><i>Agradecida por la invitaci\u00f3n del Instituto Electoral de Michoac\u00e1n, la diputada panista reiter\u00f3 su compromiso con el empoderamiento de las michoacanas<\/i><i><\/i><\/p>\n<p class=\"x_MsoNormal\" align=\"center\"><b>\u00a0<\/b><\/p>\n<p class=\"x_gmail-xxmsonormal\"><a href=\"https:\/\/radiowebmx.com\/nota\/wp-content\/uploads\/2017\/05\/711-1.jpg\"><img loading=\"lazy\" decoding=\"async\" class=\"alignnone size-medium wp-image-36286\" src=\"https:\/\/radiowebmx.com\/nota\/wp-content\/uploads\/2017\/05\/711-1-595x396.jpg\" alt=\"\" width=\"595\" height=\"396\" srcset=\"https:\/\/radiowebmx.com\/nota\/wp-content\/uploads\/2017\/05\/711-1-595x396.jpg 595w, https:\/\/radiowebmx.com\/nota\/wp-content\/uploads\/2017\/05\/711-1.jpg 709w\" sizes=\"auto, (max-width: 595px) 100vw, 595px\" \/><\/a><\/p>\n<p class=\"x_gmail-xxmsonormal\">\n<p class=\"x_gmail-xxmsonormal\"><b>Morelia; Michoac\u00e1n, 21 de mayo de 2017<\/b>. \u00a0Con la finalidad de que a trav\u00e9s de un convenio interinstitucional, las mujeres de Michoac\u00e1n tengan un acceso real en la toma de decisiones p\u00fablicas y se trabaje desde todos los frentes contra la violencia y la desigualdad pol\u00edtica, la diputada panista Andrea Villanueva junto con otros actores pol\u00edticos y sociales, se sum\u00f3\u00a0 a la conformaci\u00f3n del Observatorio de Participaci\u00f3n Pol\u00edtica de las Mujeres de Michoac\u00e1n.<\/p>\n<p class=\"x_gmail-xxmsonormal\">\n<p class=\"x_gmail-xxmsonormal\">Impulsado por el Instituto Electoral de Michoac\u00e1n y a nivel federal por el Instituto Nacional de las Mujeres (INMUJERES), el Tribunal Electoral del Poder Judicial de la Federaci\u00f3n (TEPJF) y el Instituto Nacional Electoral (INE), el Observatorio tendr\u00e1 la responsabilidad de evaluar los retos, los avances e instaurar estrategias para que la mujer acceda de manera efectiva a los cargos p\u00fablicos; de conminar a los institutos pol\u00edticos para que cumplan con la paridad de g\u00e9nero, as\u00ed como de hacer las recomendaciones necesarias para desarraigar la violencia contra las mujeres.<\/p>\n<p class=\"x_gmail-xxmsonormal\">\n<p class=\"x_gmail-xxmsonormal\">La diputada por Morelia, aplaudI\u00f3 la creaci\u00f3n de este Observatorio en el estado y que finalmente se haya logrado la participaci\u00f3n de todos los \u00f3rdenes de gobierno en este compromiso, a fin de que las michoacanas se involucren en el \u00e1mbito pol\u00edtico y social, consolidando la igualdad de g\u00e9nero y desarraigando todas las formas de discriminaci\u00f3n de las que siguen siendo v\u00edctimas.<\/p>\n<p class=\"x_gmail-xxmsonormal\">\n<p class=\"x_gmail-xxmsonormal\">De manera especial y en la antesala del proceso electoral 2018, Villanueva Cano reiter\u00f3 la invitaci\u00f3n a todos los partidos para que garanticen la paridad de g\u00e9nero en la designaci\u00f3n o elecci\u00f3n de candidatos, al mismo tiempo de que profesionalicen y capaciten a las mujeres que militan en sus institutos, brind\u00e1ndoles a los michoacanos la posibilidad de elegir como sus representantes a los mejores perfiles.<\/p>\n<p class=\"x_gmail-xxmsonormal\">\n<p class=\"x_gmail-xxmsonormal\">En la espera de que en pr\u00f3ximos d\u00edas se realice la firma del convenio de colaboraci\u00f3n, Andrea Villanueva reiter\u00f3 su compromiso de que este Observatorio se convierta en un ente vigilante de que la legislaci\u00f3n en la materia se transforme en pol\u00edticas p\u00fablicas reales, que fomenten la participaci\u00f3n de la mujer en todos los \u00e1mbitos de la sociedad e impulsen una nueva cultura de respeto y de igualdad entre hombres y mujeres.<\/p>\n","protected":false},"excerpt":{"rendered":"<p>Agradecida por la invitaci\u00f3n del Instituto Electoral de Michoac\u00e1n, la diputada panista reiter\u00f3 su compromiso con el empoderamiento de las michoacanas \u00a0 Morelia; Michoac\u00e1n, 21 de mayo de 2017. \u00a0Con la finalidad de que a trav\u00e9s de un convenio interinstitucional, las mujeres de Michoac\u00e1n tengan un acceso real en la toma de decisiones p\u00fablicas y [&hellip;]<\/p>\n","protected":false},"author":2,"featured_media":36286,"comment_status":"closed","ping_status":"closed","sticky":false,"template":"","format":"standard","meta":{"footnotes":""},"categories":[6,14,8],"tags":[],"class_list":["post-36285","post","type-post","status-publish","format-standard","has-post-thumbnail","hentry","category-congreso-del-estado","category-destacadas","category-grupo-parlamentario-del-pan"],"_links":{"self":[{"href":"https:\/\/radiowebmx.com\/nota\/wp-json\/wp\/v2\/posts\/36285","targetHints":{"allow":["GET"]}}],"collection":[{"href":"https:\/\/radiowebmx.com\/nota\/wp-json\/wp\/v2\/posts"}],"about":[{"href":"https:\/\/radiowebmx.com\/nota\/wp-json\/wp\/v2\/types\/post"}],"author":[{"embeddable":true,"href":"https:\/\/radiowebmx.com\/nota\/wp-json\/wp\/v2\/users\/2"}],"replies":[{"embeddable":true,"href":"https:\/\/radiowebmx.com\/nota\/wp-json\/wp\/v2\/comments?post=36285"}],"version-history":[{"count":1,"href":"https:\/\/radiowebmx.com\/nota\/wp-json\/wp\/v2\/posts\/36285\/revisions"}],"predecessor-version":[{"id":36287,"href":"https:\/\/radiowebmx.com\/nota\/wp-json\/wp\/v2\/posts\/36285\/revisions\/36287"}],"wp:featuredmedia":[{"embeddable":true,"href":"https:\/\/radiowebmx.com\/nota\/wp-json\/wp\/v2\/media\/36286"}],"wp:attachment":[{"href":"https:\/\/radiowebmx.com\/nota\/wp-json\/wp\/v2\/media?parent=36285"}],"wp:term":[{"taxonomy":"category","embeddable":true,"href":"https:\/\/radiowebmx.com\/nota\/wp-json\/wp\/v2\/categories?post=36285"},{"taxonomy":"post_tag","embeddable":true,"href":"https:\/\/radiowebmx.com\/nota\/wp-json\/wp\/v2\/tags?post=36285"}],"curies":[{"name":"wp","href":"https:\/\/api.w.org\/{rel}","templated":true}]}}