{"id":36282,"date":"2017-05-21T12:50:10","date_gmt":"2017-05-21T17:50:10","guid":{"rendered":"https:\/\/radiowebmx.com\/nota\/?p=36282"},"modified":"2017-05-22T12:59:43","modified_gmt":"2017-05-22T17:59:43","slug":"pide-carlos-quintana-evaluar-efectividad-de-acuerdos-en-mesas-de-seguridad-del-estado","status":"publish","type":"post","link":"https:\/\/radiowebmx.com\/nota\/pide-carlos-quintana-evaluar-efectividad-de-acuerdos-en-mesas-de-seguridad-del-estado\/","title":{"rendered":"Pide Carlos Quintana evaluar efectividad de acuerdos en mesas de seguridad del estado"},"content":{"rendered":"<p class=\"x_gmail-xxm-311956672762907114gmail-msolistparagraph\"><i>Luego de los recientes eventos de criminalidad en la entidad, Carlos Quintana pidi\u00f3 un replanteamiento urgente de la estrategia de seguridad<\/i><\/p>\n<p class=\"x_MsoNormal\" align=\"center\"><b>\u00a0<\/b><\/p>\n<p class=\"x_gmail-xxmsonormal\"><a href=\"https:\/\/radiowebmx.com\/nota\/wp-content\/uploads\/2017\/05\/710.jpg\"><img loading=\"lazy\" decoding=\"async\" class=\"alignnone size-medium wp-image-36283\" src=\"https:\/\/radiowebmx.com\/nota\/wp-content\/uploads\/2017\/05\/710-595x410.jpg\" alt=\"\" width=\"595\" height=\"410\" srcset=\"https:\/\/radiowebmx.com\/nota\/wp-content\/uploads\/2017\/05\/710-595x410.jpg 595w, https:\/\/radiowebmx.com\/nota\/wp-content\/uploads\/2017\/05\/710.jpg 709w\" sizes=\"auto, (max-width: 595px) 100vw, 595px\" \/><\/a><\/p>\n<p class=\"x_gmail-xxmsonormal\">\n<p class=\"x_gmail-xxmsonormal\"><b>Morelia; Michoac\u00e1n, 21 de mayo de 2017<\/b>. \u00a0\u201cLos acontecimientos de los \u00faltimos d\u00edas nos hablan que la estrategia de seguridad implementada en el estado y en los municipios donde se han instalado las mesas de seguridad y justicia, necesita replantearse\u201d, indic\u00f3 el coordinador de los diputados del PAN en Michoac\u00e1n, Carlos Quintana Mart\u00ednez.<\/p>\n<p class=\"x_gmail-xxmsonormal\">El legislador de extracci\u00f3n panista, asegur\u00f3 que entre la sociedad michoacana resurgi\u00f3 la preocupaci\u00f3n y la sensaci\u00f3n de no estar seguros en su estado, por lo que pidi\u00f3 a todas las instancias responsables, replantear de inmediato las acciones de gobierno y de la polic\u00eda en todos sus niveles, a fin de que la ciudadan\u00eda no tenga que seguir padeciendo estos actos de la delincuencia.<\/p>\n<p class=\"x_gmail-xxmsonormal\">\u201cAunque la presencia de m\u00e1s efectivos polic\u00edacos es un buen comienzo, estamos dejando de lado la important\u00edsima tarea de prevenir el delito; de llevar a los municipios m\u00e1s violentos, deporte, actividades recreativas y culturales que empiecen a generar entre los j\u00f3venes una nueva cultura de paz, de sana convivencia: s\u00f3lo as\u00ed podemos hablar de una verdadera transformaci\u00f3n en nuestra sociedad\u201d.<\/p>\n<p class=\"x_gmail-xxmsonormal\">De lo anterior, Quintana Mart\u00ednez conmin\u00f3 a las mesas de seguridad que trabajan en todo el estado, vigilar que los acuerdos tomados por sus integrantes sean llevados a las calles; que los funcionarios responsables de su ejecuci\u00f3n cumplan con \u00e9stos y que midan la efectividad de sus acciones.<\/p>\n<p class=\"x_gmail-xxmsonormal\">Finalmente, el coordinador albiazul asegur\u00f3 que lo que est\u00e1 viviendo Michoac\u00e1n, obliga a los \u00f3rdenes de gobierno Federal, Estatal y Municipal a redoblar esfuerzos, aceptar errores, modificar estrategias y a trabajar m\u00e1s por la reconstrucci\u00f3n del tejido social, brindando con ello los resultados que exigen y merecen los michoacanos.<\/p>\n<p class=\"x_MsoNormal\">\n","protected":false},"excerpt":{"rendered":"<p>Luego de los recientes eventos de criminalidad en la entidad, Carlos Quintana pidi\u00f3 un replanteamiento urgente de la estrategia de seguridad \u00a0 Morelia; Michoac\u00e1n, 21 de mayo de 2017. \u00a0\u201cLos acontecimientos de los \u00faltimos d\u00edas nos hablan que la estrategia de seguridad implementada en el estado y en los municipios donde se han instalado las [&hellip;]<\/p>\n","protected":false},"author":2,"featured_media":36283,"comment_status":"closed","ping_status":"closed","sticky":false,"template":"","format":"standard","meta":{"footnotes":""},"categories":[6,14,8],"tags":[],"class_list":["post-36282","post","type-post","status-publish","format-standard","has-post-thumbnail","hentry","category-congreso-del-estado","category-destacadas","category-grupo-parlamentario-del-pan"],"_links":{"self":[{"href":"https:\/\/radiowebmx.com\/nota\/wp-json\/wp\/v2\/posts\/36282","targetHints":{"allow":["GET"]}}],"collection":[{"href":"https:\/\/radiowebmx.com\/nota\/wp-json\/wp\/v2\/posts"}],"about":[{"href":"https:\/\/radiowebmx.com\/nota\/wp-json\/wp\/v2\/types\/post"}],"author":[{"embeddable":true,"href":"https:\/\/radiowebmx.com\/nota\/wp-json\/wp\/v2\/users\/2"}],"replies":[{"embeddable":true,"href":"https:\/\/radiowebmx.com\/nota\/wp-json\/wp\/v2\/comments?post=36282"}],"version-history":[{"count":1,"href":"https:\/\/radiowebmx.com\/nota\/wp-json\/wp\/v2\/posts\/36282\/revisions"}],"predecessor-version":[{"id":36284,"href":"https:\/\/radiowebmx.com\/nota\/wp-json\/wp\/v2\/posts\/36282\/revisions\/36284"}],"wp:featuredmedia":[{"embeddable":true,"href":"https:\/\/radiowebmx.com\/nota\/wp-json\/wp\/v2\/media\/36283"}],"wp:attachment":[{"href":"https:\/\/radiowebmx.com\/nota\/wp-json\/wp\/v2\/media?parent=36282"}],"wp:term":[{"taxonomy":"category","embeddable":true,"href":"https:\/\/radiowebmx.com\/nota\/wp-json\/wp\/v2\/categories?post=36282"},{"taxonomy":"post_tag","embeddable":true,"href":"https:\/\/radiowebmx.com\/nota\/wp-json\/wp\/v2\/tags?post=36282"}],"curies":[{"name":"wp","href":"https:\/\/api.w.org\/{rel}","templated":true}]}}