{"id":36279,"date":"2017-05-21T12:46:35","date_gmt":"2017-05-21T17:46:35","guid":{"rendered":"https:\/\/radiowebmx.com\/nota\/?p=36279"},"modified":"2017-05-22T12:49:21","modified_gmt":"2017-05-22T17:49:21","slug":"pide-juan-figueroa-no-politizar-tema-de-seguridad","status":"publish","type":"post","link":"https:\/\/radiowebmx.com\/nota\/pide-juan-figueroa-no-politizar-tema-de-seguridad\/","title":{"rendered":"Pide Juan Figueroa no politizar tema de seguridad"},"content":{"rendered":"<p class=\"x_MsoNormal\"><a href=\"https:\/\/radiowebmx.com\/nota\/wp-content\/uploads\/2017\/05\/709-01.jpg\"><img loading=\"lazy\" decoding=\"async\" class=\"alignnone size-medium wp-image-36280\" src=\"https:\/\/radiowebmx.com\/nota\/wp-content\/uploads\/2017\/05\/709-01-595x396.jpg\" alt=\"\" width=\"595\" height=\"396\" srcset=\"https:\/\/radiowebmx.com\/nota\/wp-content\/uploads\/2017\/05\/709-01-595x396.jpg 595w, https:\/\/radiowebmx.com\/nota\/wp-content\/uploads\/2017\/05\/709-01.jpg 709w\" sizes=\"auto, (max-width: 595px) 100vw, 595px\" \/><\/a><\/p>\n<p class=\"x_MsoNormal\">\n<p class=\"x_MsoNormal\"><b>Morelia; Michoac\u00e1n, 21 de mayo de 2017<\/b>. \u00a0El diputado local Juan Figueroa G\u00f3mez, manifest\u00f3 su rechazo ante la intenci\u00f3n de algunos actores de partidos de oposici\u00f3n al PRD, de querer politizar un tema en el que se trabaja sin denuedo y forma parte de la agenda prioritaria del mandatario Silvano Aureoles Conejo.<\/p>\n<p class=\"x_MsoNormal\">\n<p class=\"x_MsoNormal\">No existe ninguna distracci\u00f3n y mucho menos desinter\u00e9s del gobierno de Michoac\u00e1n para mantener firme la\u00a0 determinaci\u00f3n del mandatario Silvano Aureoles de combatir este flagelo, que debemos recordar, no comenz\u00f3 con la presente administraci\u00f3n y s\u00ed es de reconocer que se ha ido abatiendo a pasos firmes mediante la estrecha colaboraci\u00f3n que se mantiene con las fuerzas federales.<\/p>\n<p class=\"x_MsoNormal\">\n<p class=\"x_MsoNormal\">El representante popular por el distrito de Huetamo coincidi\u00f3 con otros compa\u00f1eros de su bancada en el Congreso del Estado que las acciones para desmantelar c\u00e9lulas o reductos de las mismas en Michoac\u00e1n, ha tra\u00eddo aparejada una reacci\u00f3n por parte de los criminales afectados.<\/p>\n<p class=\"x_MsoNormal\">\n<p class=\"x_MsoNormal\">Y de manera parad\u00f3jica, al asestar golpes severos en la regi\u00f3n de Tierra Caliente\u00a0 como aconteci\u00f3 en d\u00edas pasados con detenciones de presuntos cabecillas de estos grupos que act\u00faan al margen de la ley, es que se intenta dar una sensaci\u00f3n que est\u00e1 muy lejos de la realidad. Esto es, se combate a los criminales y se logran resultados, pese a que se quiere aparentar lo contrario.<\/p>\n<p class=\"x_MsoNormal\">\n<p class=\"x_MsoNormal\">Por ello es que Juan Figueroa pidi\u00f3 respetuosamente a los actores pol\u00edticos no intentar desvirtuar una lucha donde tienen decisiva participaci\u00f3n las fuerzas federales, as\u00ed como a la sociedad michoacana de hoy m\u00e1s que nunca, ser solidarias y apoyar decididamente la tarea que al respecto desarrolla el gobernador Silvano Aureoles Conejo.<\/p>\n<p class=\"x_MsoNormal\">\n<p class=\"x_MsoNormal\">Por su parte, el legislador perredista reiter\u00f3 el respaldo absoluto a la labor que realiza el jefe del Ejecutivo michoacano y su confianza porque sigan cayendo l\u00edderes criminales hasta \u201climpiar de ese c\u00e1ncer a nuestra entidad\u201d.<\/p>\n","protected":false},"excerpt":{"rendered":"<p>Morelia; Michoac\u00e1n, 21 de mayo de 2017. \u00a0El diputado local Juan Figueroa G\u00f3mez, manifest\u00f3 su rechazo ante la intenci\u00f3n de algunos actores de partidos de oposici\u00f3n al PRD, de querer politizar un tema en el que se trabaja sin denuedo y forma parte de la agenda prioritaria del mandatario Silvano Aureoles Conejo. No existe ninguna [&hellip;]<\/p>\n","protected":false},"author":2,"featured_media":36280,"comment_status":"closed","ping_status":"closed","sticky":false,"template":"","format":"standard","meta":{"footnotes":""},"categories":[6,14,19],"tags":[],"class_list":["post-36279","post","type-post","status-publish","format-standard","has-post-thumbnail","hentry","category-congreso-del-estado","category-destacadas","category-grupo-parlamentario-del-prd"],"_links":{"self":[{"href":"https:\/\/radiowebmx.com\/nota\/wp-json\/wp\/v2\/posts\/36279","targetHints":{"allow":["GET"]}}],"collection":[{"href":"https:\/\/radiowebmx.com\/nota\/wp-json\/wp\/v2\/posts"}],"about":[{"href":"https:\/\/radiowebmx.com\/nota\/wp-json\/wp\/v2\/types\/post"}],"author":[{"embeddable":true,"href":"https:\/\/radiowebmx.com\/nota\/wp-json\/wp\/v2\/users\/2"}],"replies":[{"embeddable":true,"href":"https:\/\/radiowebmx.com\/nota\/wp-json\/wp\/v2\/comments?post=36279"}],"version-history":[{"count":1,"href":"https:\/\/radiowebmx.com\/nota\/wp-json\/wp\/v2\/posts\/36279\/revisions"}],"predecessor-version":[{"id":36281,"href":"https:\/\/radiowebmx.com\/nota\/wp-json\/wp\/v2\/posts\/36279\/revisions\/36281"}],"wp:featuredmedia":[{"embeddable":true,"href":"https:\/\/radiowebmx.com\/nota\/wp-json\/wp\/v2\/media\/36280"}],"wp:attachment":[{"href":"https:\/\/radiowebmx.com\/nota\/wp-json\/wp\/v2\/media?parent=36279"}],"wp:term":[{"taxonomy":"category","embeddable":true,"href":"https:\/\/radiowebmx.com\/nota\/wp-json\/wp\/v2\/categories?post=36279"},{"taxonomy":"post_tag","embeddable":true,"href":"https:\/\/radiowebmx.com\/nota\/wp-json\/wp\/v2\/tags?post=36279"}],"curies":[{"name":"wp","href":"https:\/\/api.w.org\/{rel}","templated":true}]}}