{"id":36263,"date":"2017-05-21T16:16:30","date_gmt":"2017-05-21T21:16:30","guid":{"rendered":"https:\/\/radiowebmx.com\/nota\/?p=36263"},"modified":"2017-05-22T12:05:06","modified_gmt":"2017-05-22T17:05:06","slug":"el-cobaem-presente-en-el-tianguis-de-la-ciencia","status":"publish","type":"post","link":"https:\/\/radiowebmx.com\/nota\/el-cobaem-presente-en-el-tianguis-de-la-ciencia\/","title":{"rendered":"El Cobaem, presente en el Tianguis de la Ciencia"},"content":{"rendered":"<p><a href=\"https:\/\/radiowebmx.com\/nota\/wp-content\/uploads\/2017\/05\/df896fa5-6ea4-4ff1-943f-7a0c00547fbb.jpg\"><img loading=\"lazy\" decoding=\"async\" class=\"alignnone size-medium wp-image-36264\" src=\"https:\/\/radiowebmx.com\/nota\/wp-content\/uploads\/2017\/05\/df896fa5-6ea4-4ff1-943f-7a0c00547fbb-595x396.jpg\" alt=\"\" width=\"595\" height=\"396\" srcset=\"https:\/\/radiowebmx.com\/nota\/wp-content\/uploads\/2017\/05\/df896fa5-6ea4-4ff1-943f-7a0c00547fbb-595x396.jpg 595w, https:\/\/radiowebmx.com\/nota\/wp-content\/uploads\/2017\/05\/df896fa5-6ea4-4ff1-943f-7a0c00547fbb.jpg 709w\" sizes=\"auto, (max-width: 595px) 100vw, 595px\" \/><\/a><\/p>\n<p>&nbsp;<\/p>\n<p><strong>Morelia, Michoac\u00e1n, a 21 de mayo de 2017.-<\/strong>\u00a0Los alumnos ganadores del Concurso de Prototipos Did\u00e1cticos en la XXXII Jornada Acad\u00e9mica, Cultural y Deportiva 2016 del Colegio de Bachilleres del Estado de Michoac\u00e1n (Cobaem), participaron en el Tianguis de la Ciencia organizado por la Universidad Michoacana de San Nicol\u00e1s de Hidalgo.<\/p>\n<p>Los del Plantel Quiroga, asesorados por el ingeniero en Electr\u00f3nica,\u00a0Sa\u00fal Rivera Rangel, elaboraron un generador de electricidad que transforma la energ\u00eda mec\u00e1nica en electricidad bas\u00e1ndose en la Ley de Faraday.<\/p>\n<p>El equipo, conformado por Claudia Silvia Ju\u00e1rez Luna, Yunu\u00e9n Alejandra Campos Jim\u00e9nez, Manuel Pi\u00f1a Soto y Enoc Barriga Ponce, destac\u00f3 que el generador se realiz\u00f3 utilizando materiales reciclados, por lo que, sumado a que es un generador de energ\u00eda limpia, es un proyecto a favor del cuidado del medio ambiente.<\/p>\n","protected":false},"excerpt":{"rendered":"<p>&nbsp; Morelia, Michoac\u00e1n, a 21 de mayo de 2017.-\u00a0Los alumnos ganadores del Concurso de Prototipos Did\u00e1cticos en la XXXII Jornada Acad\u00e9mica, Cultural y Deportiva 2016 del Colegio de Bachilleres del Estado de Michoac\u00e1n (Cobaem), participaron en el Tianguis de la Ciencia organizado por la Universidad Michoacana de San Nicol\u00e1s de Hidalgo. Los del Plantel Quiroga, [&hellip;]<\/p>\n","protected":false},"author":2,"featured_media":36264,"comment_status":"closed","ping_status":"closed","sticky":false,"template":"","format":"standard","meta":{"footnotes":""},"categories":[14,3],"tags":[],"class_list":["post-36263","post","type-post","status-publish","format-standard","has-post-thumbnail","hentry","category-destacadas","category-gobierno-del-estado-de-michoacan"],"_links":{"self":[{"href":"https:\/\/radiowebmx.com\/nota\/wp-json\/wp\/v2\/posts\/36263","targetHints":{"allow":["GET"]}}],"collection":[{"href":"https:\/\/radiowebmx.com\/nota\/wp-json\/wp\/v2\/posts"}],"about":[{"href":"https:\/\/radiowebmx.com\/nota\/wp-json\/wp\/v2\/types\/post"}],"author":[{"embeddable":true,"href":"https:\/\/radiowebmx.com\/nota\/wp-json\/wp\/v2\/users\/2"}],"replies":[{"embeddable":true,"href":"https:\/\/radiowebmx.com\/nota\/wp-json\/wp\/v2\/comments?post=36263"}],"version-history":[{"count":1,"href":"https:\/\/radiowebmx.com\/nota\/wp-json\/wp\/v2\/posts\/36263\/revisions"}],"predecessor-version":[{"id":36265,"href":"https:\/\/radiowebmx.com\/nota\/wp-json\/wp\/v2\/posts\/36263\/revisions\/36265"}],"wp:featuredmedia":[{"embeddable":true,"href":"https:\/\/radiowebmx.com\/nota\/wp-json\/wp\/v2\/media\/36264"}],"wp:attachment":[{"href":"https:\/\/radiowebmx.com\/nota\/wp-json\/wp\/v2\/media?parent=36263"}],"wp:term":[{"taxonomy":"category","embeddable":true,"href":"https:\/\/radiowebmx.com\/nota\/wp-json\/wp\/v2\/categories?post=36263"},{"taxonomy":"post_tag","embeddable":true,"href":"https:\/\/radiowebmx.com\/nota\/wp-json\/wp\/v2\/tags?post=36263"}],"curies":[{"name":"wp","href":"https:\/\/api.w.org\/{rel}","templated":true}]}}