{"id":36257,"date":"2017-05-21T19:12:10","date_gmt":"2017-05-22T00:12:10","guid":{"rendered":"https:\/\/radiowebmx.com\/nota\/?p=36257"},"modified":"2017-05-22T12:00:08","modified_gmt":"2017-05-22T17:00:08","slug":"obras-para-revertir-carencias-sociales-la-prioridad-sedesol","status":"publish","type":"post","link":"https:\/\/radiowebmx.com\/nota\/obras-para-revertir-carencias-sociales-la-prioridad-sedesol\/","title":{"rendered":"Obras para revertir carencias sociales, la prioridad: Sedesol"},"content":{"rendered":"<p class=\"x_MsoNormal\"><a href=\"https:\/\/radiowebmx.com\/nota\/wp-content\/uploads\/2017\/05\/18556036_1534417679922743_794147888307790455_n.jpg\"><img loading=\"lazy\" decoding=\"async\" class=\"alignnone size-medium wp-image-36258\" src=\"https:\/\/radiowebmx.com\/nota\/wp-content\/uploads\/2017\/05\/18556036_1534417679922743_794147888307790455_n-595x299.jpg\" alt=\"\" width=\"595\" height=\"299\" srcset=\"https:\/\/radiowebmx.com\/nota\/wp-content\/uploads\/2017\/05\/18556036_1534417679922743_794147888307790455_n-595x299.jpg 595w, https:\/\/radiowebmx.com\/nota\/wp-content\/uploads\/2017\/05\/18556036_1534417679922743_794147888307790455_n.jpg 709w\" sizes=\"auto, (max-width: 595px) 100vw, 595px\" \/><\/a><\/p>\n<p class=\"x_MsoNormal\">\n<p class=\"x_MsoNormal\">Obras y acciones que ataquen directamente los indicadores de bienestar con el que se revierta el acceso a las servicios b\u00e1sicos de la poblaci\u00f3n, son la ruta que sigue la Estrategia Nacional de Inclusi\u00f3n.<\/p>\n<p class=\"x_MsoNormal\">\n<p class=\"x_MsoNormal\">Esas fueron las palabras del delegado de la Sedesol, Ger\u00f3nimo Color Gasca durante la validaci\u00f3n de proyectos del Programa \u20183&#215;1 para Migrantes\u2019, en donde los tres \u00f3rdenes de gobierno se suman en la ejecuci\u00f3n de propuestas que presentan organizaciones migrantes para el desarrollo de las comunidades con mayores rezagos en la entidad.<\/p>\n<p class=\"x_MsoNormal\">\n<p class=\"x_MsoNormal\">Obras de agua potable en la comunidad de Huahua del municipio de Aquila, calentadores solares en el municipio de Ario de Rosales, Comedor Comunitario en Taquiscuareo del municipio de la Piedad, aulas y ba\u00f1os para el Colegio de Bachilleres en Ting\u00fcindin, fueron aprobadas por el Comit\u00e9 de Validaci\u00f3n del Programa.<\/p>\n<p class=\"x_MsoNormal\">\n<p class=\"x_MsoNormal\">Durante la segunda validaci\u00f3n del Programa \u20183 x 1 para Migrantes\u2019, 14 proyectos que se dirigen a atacar las carencias sociales de la poblaci\u00f3n que vive en Zonas de Atenci\u00f3n Prioritaria.<\/p>\n<p class=\"x_MsoNormal\">\n<p class=\"x_MsoNormal\">En la validaci\u00f3n de proyectos participaron, el Secretario del Migrante, Jos\u00e9 Luis Gutierrez,\u00a0 los alcaldes representantes de cada expresi\u00f3n pol\u00edtica, encabezados por el anfitri\u00f3n Adri\u00e1n Melgoza de Erogaricuaro, as\u00ed como representantes de Federaciones y Club`s migrantes.<\/p>\n","protected":false},"excerpt":{"rendered":"<p>Obras y acciones que ataquen directamente los indicadores de bienestar con el que se revierta el acceso a las servicios b\u00e1sicos de la poblaci\u00f3n, son la ruta que sigue la Estrategia Nacional de Inclusi\u00f3n. Esas fueron las palabras del delegado de la Sedesol, Ger\u00f3nimo Color Gasca durante la validaci\u00f3n de proyectos del Programa \u20183&#215;1 para [&hellip;]<\/p>\n","protected":false},"author":2,"featured_media":36258,"comment_status":"closed","ping_status":"closed","sticky":false,"template":"","format":"standard","meta":{"footnotes":""},"categories":[14,3],"tags":[],"class_list":["post-36257","post","type-post","status-publish","format-standard","has-post-thumbnail","hentry","category-destacadas","category-gobierno-del-estado-de-michoacan"],"_links":{"self":[{"href":"https:\/\/radiowebmx.com\/nota\/wp-json\/wp\/v2\/posts\/36257","targetHints":{"allow":["GET"]}}],"collection":[{"href":"https:\/\/radiowebmx.com\/nota\/wp-json\/wp\/v2\/posts"}],"about":[{"href":"https:\/\/radiowebmx.com\/nota\/wp-json\/wp\/v2\/types\/post"}],"author":[{"embeddable":true,"href":"https:\/\/radiowebmx.com\/nota\/wp-json\/wp\/v2\/users\/2"}],"replies":[{"embeddable":true,"href":"https:\/\/radiowebmx.com\/nota\/wp-json\/wp\/v2\/comments?post=36257"}],"version-history":[{"count":1,"href":"https:\/\/radiowebmx.com\/nota\/wp-json\/wp\/v2\/posts\/36257\/revisions"}],"predecessor-version":[{"id":36259,"href":"https:\/\/radiowebmx.com\/nota\/wp-json\/wp\/v2\/posts\/36257\/revisions\/36259"}],"wp:featuredmedia":[{"embeddable":true,"href":"https:\/\/radiowebmx.com\/nota\/wp-json\/wp\/v2\/media\/36258"}],"wp:attachment":[{"href":"https:\/\/radiowebmx.com\/nota\/wp-json\/wp\/v2\/media?parent=36257"}],"wp:term":[{"taxonomy":"category","embeddable":true,"href":"https:\/\/radiowebmx.com\/nota\/wp-json\/wp\/v2\/categories?post=36257"},{"taxonomy":"post_tag","embeddable":true,"href":"https:\/\/radiowebmx.com\/nota\/wp-json\/wp\/v2\/tags?post=36257"}],"curies":[{"name":"wp","href":"https:\/\/api.w.org\/{rel}","templated":true}]}}