{"id":36254,"date":"2017-05-21T22:42:51","date_gmt":"2017-05-22T03:42:51","guid":{"rendered":"https:\/\/radiowebmx.com\/nota\/?p=36254"},"modified":"2017-05-22T11:56:00","modified_gmt":"2017-05-22T16:56:00","slug":"el-recodo-repite-exito-en-la-expo-fiesta-michoacan","status":"publish","type":"post","link":"https:\/\/radiowebmx.com\/nota\/el-recodo-repite-exito-en-la-expo-fiesta-michoacan\/","title":{"rendered":"El Recodo repite \u00e9xito en la Expo Fiesta Michoac\u00e1n"},"content":{"rendered":"<p><a href=\"https:\/\/radiowebmx.com\/nota\/wp-content\/uploads\/2017\/05\/aee00a49-4860-4a10-9942-167d2b188159.jpg\"><img loading=\"lazy\" decoding=\"async\" class=\"alignnone size-medium wp-image-36255\" src=\"https:\/\/radiowebmx.com\/nota\/wp-content\/uploads\/2017\/05\/aee00a49-4860-4a10-9942-167d2b188159-595x396.jpg\" alt=\"\" width=\"595\" height=\"396\" srcset=\"https:\/\/radiowebmx.com\/nota\/wp-content\/uploads\/2017\/05\/aee00a49-4860-4a10-9942-167d2b188159-595x396.jpg 595w, https:\/\/radiowebmx.com\/nota\/wp-content\/uploads\/2017\/05\/aee00a49-4860-4a10-9942-167d2b188159.jpg 709w\" sizes=\"auto, (max-width: 595px) 100vw, 595px\" \/><\/a><\/p>\n<p>&nbsp;<\/p>\n<p><strong>Morelia, Michoac\u00e1n, a 21 de mayo de 2017<\/strong>.- Una gran noche fue la que se vivi\u00f3 esta noche en el Teatro del Pueblo. El Recodo se present\u00f3 ante miles de seguidores, quienes se dieron cita desde temprana hora para corear los mejores \u00e9xitos de la madre de todas las bandas.<\/p>\n<p>&nbsp;<\/p>\n<p>Previo a su presentaci\u00f3n, los integrantes de la agrupaci\u00f3n ofrecieron una conferencia de prensa en la que anunciaron que el pr\u00f3ximo 26 de mayo saldr\u00e1 a la venta su nuevo disco, el cual se titula &#8220;Ayer y hoy&#8221;, del que se desprende uno de los temas que cantaron para las y los michoacanos: &#8220;Vale la pena&#8221;.<\/p>\n<p>&nbsp;<\/p>\n<p>Ma\u00f1ana lunes se presentar\u00e1 Molotov en el Teatro del Pueblo, actividad con la cual concluye la edici\u00f3n 2017 de esta Expo Fiesta Michoac\u00e1n, para lo cual el acceso al Recinto Ferial es completamente gratis, adem\u00e1s de que las y los asistentes tambi\u00e9n podr\u00e1n disfrutar de forma gratuita de la Pista de Hielo.<\/p>\n<p>&nbsp;<\/p>\n<p>La informaci\u00f3n oficial sobre la Expo Fiesta Michoac\u00e1n 2017 s\u00f3lo es difundida en el portal de Internet http:\/\/www.expofiestamichoacan.mx\/, en el Twitter @ExpoFiestaMich y en el perfil de Facebook www.facebook.com\/ExpofiestaMich<\/p>\n<p>&nbsp;<\/p>\n","protected":false},"excerpt":{"rendered":"<p>&nbsp; Morelia, Michoac\u00e1n, a 21 de mayo de 2017.- Una gran noche fue la que se vivi\u00f3 esta noche en el Teatro del Pueblo. El Recodo se present\u00f3 ante miles de seguidores, quienes se dieron cita desde temprana hora para corear los mejores \u00e9xitos de la madre de todas las bandas. &nbsp; Previo a su [&hellip;]<\/p>\n","protected":false},"author":2,"featured_media":36255,"comment_status":"closed","ping_status":"closed","sticky":false,"template":"","format":"standard","meta":{"footnotes":""},"categories":[14,3],"tags":[],"class_list":["post-36254","post","type-post","status-publish","format-standard","has-post-thumbnail","hentry","category-destacadas","category-gobierno-del-estado-de-michoacan"],"_links":{"self":[{"href":"https:\/\/radiowebmx.com\/nota\/wp-json\/wp\/v2\/posts\/36254","targetHints":{"allow":["GET"]}}],"collection":[{"href":"https:\/\/radiowebmx.com\/nota\/wp-json\/wp\/v2\/posts"}],"about":[{"href":"https:\/\/radiowebmx.com\/nota\/wp-json\/wp\/v2\/types\/post"}],"author":[{"embeddable":true,"href":"https:\/\/radiowebmx.com\/nota\/wp-json\/wp\/v2\/users\/2"}],"replies":[{"embeddable":true,"href":"https:\/\/radiowebmx.com\/nota\/wp-json\/wp\/v2\/comments?post=36254"}],"version-history":[{"count":1,"href":"https:\/\/radiowebmx.com\/nota\/wp-json\/wp\/v2\/posts\/36254\/revisions"}],"predecessor-version":[{"id":36256,"href":"https:\/\/radiowebmx.com\/nota\/wp-json\/wp\/v2\/posts\/36254\/revisions\/36256"}],"wp:featuredmedia":[{"embeddable":true,"href":"https:\/\/radiowebmx.com\/nota\/wp-json\/wp\/v2\/media\/36255"}],"wp:attachment":[{"href":"https:\/\/radiowebmx.com\/nota\/wp-json\/wp\/v2\/media?parent=36254"}],"wp:term":[{"taxonomy":"category","embeddable":true,"href":"https:\/\/radiowebmx.com\/nota\/wp-json\/wp\/v2\/categories?post=36254"},{"taxonomy":"post_tag","embeddable":true,"href":"https:\/\/radiowebmx.com\/nota\/wp-json\/wp\/v2\/tags?post=36254"}],"curies":[{"name":"wp","href":"https:\/\/api.w.org\/{rel}","templated":true}]}}