{"id":3625,"date":"2013-08-26T12:54:07","date_gmt":"2013-08-26T17:54:07","guid":{"rendered":"https:\/\/radiowebmx.com\/nota\/?p=3625"},"modified":"2013-08-26T12:54:07","modified_gmt":"2013-08-26T17:54:07","slug":"el-cobaem-y-el-ayuntamiento-de-ario-de-rosales-trabajan-juntos-a-favor-de-la-educacion","status":"publish","type":"post","link":"https:\/\/radiowebmx.com\/nota\/el-cobaem-y-el-ayuntamiento-de-ario-de-rosales-trabajan-juntos-a-favor-de-la-educacion\/","title":{"rendered":"EL COBAEM Y EL AYUNTAMIENTO DE ARIO DE ROSALES TRABAJAN JUNTOS A FAVOR DE LA EDUCACI\u00d3N"},"content":{"rendered":"<p><a href=\"https:\/\/radiowebmx.com\/nota\/wp-content\/uploads\/2013\/08\/IMG_8931.jpg\"><img loading=\"lazy\" decoding=\"async\" class=\"alignleft size-full wp-image-3626\" alt=\"IMG_8931\" src=\"https:\/\/radiowebmx.com\/nota\/wp-content\/uploads\/2013\/08\/IMG_8931.jpg\" width=\"591\" height=\"259\" \/><\/a>La necesidad de ampliar y mejorar las instalaciones del plantel COBAEM en este municipio, debido a la demanda de ingreso, compromete a las autoridades a unir esfuerzos y coordinar acciones a fin de dar soluci\u00f3n a la solicitud de ingreso en dicho plantel y que m\u00e1s j\u00f3venes cursen sus estudios y formaci\u00f3n acad\u00e9mica.<\/p>\n<p>&nbsp;<\/p>\n<p>Por lo anterior, Mario Maga\u00f1a Ju\u00e1rez, director general del COBAEM, e Irma Moreno Mart\u00ednez Alcaldesa dicho municipio, signaron un convenio de colaboraci\u00f3n, con el objetivo de iniciar acciones coordinadas relativas a la gesti\u00f3n de mayores recursos \u00a0para la construcci\u00f3n de los espacios educativos \u00a0que beneficien a los j\u00f3venes que buscan una oportunidad de ingreso.<\/p>\n<p>&nbsp;<\/p>\n<p>En presencia de funcionarios municipales y del Colegio de Bachilleres, entre ellos, Emma Gamma P\u00e9rez, directora del Plantel y Gonzalo Ferreyra Garc\u00eda, coordinador Sectorial No. 5 con sede en P\u00e1tzcuaro qued\u00f3 de manifiesto que actualmente el plantel es uno de los m\u00e1s grandes en el estado, con una matr\u00edcula de alrededor de 650 alumnos en el presente ciclo. Sin embargo, ante la falta de infraestructura se han tenido que rechazar solicitudes de ingreso.<\/p>\n<p>&nbsp;<\/p>\n<p>De ah\u00ed la importancia y compromiso del gobierno estatal y municipal por gestionar los recursos econ\u00f3micos que permitan la construcci\u00f3n de m\u00e1s aulas<\/p>\n<p>&nbsp;<\/p>\n<p>Inicialmente el ayuntamiento aportar\u00e1 el 25% del costo total de la construcci\u00f3n de dos aulas y sanitarios, y la Direcci\u00f3n General de COBAEM gestionar\u00e1 ante instancias federales el recurso faltante.<\/p>\n<p>&nbsp;<\/p>\n<p>En este sentido, Maga\u00f1a Ju\u00e1rez y Moreno Mart\u00ednez, dieron a conocer que buscar\u00e1n en pr\u00f3ximas semanas sostendr\u00e1n una reuni\u00f3n con el gobernador, Jes\u00fas Reyna Garc\u00eda, quien ha manifestado con acciones su compromiso con la educaci\u00f3n como factor de desarrollo, adem\u00e1s de buscar que dentro del Programa Operativo Anual del Gobierno Municipal 2014, se destinen los recursos necesarios al cumplimiento de este prop\u00f3sito.<b><\/b><\/p>\n","protected":false},"excerpt":{"rendered":"<p>La necesidad de ampliar y mejorar las instalaciones del plantel COBAEM en este municipio, debido a la demanda de ingreso, compromete a las autoridades a unir esfuerzos y coordinar acciones a fin de dar soluci\u00f3n a la solicitud de ingreso en dicho plantel y que m\u00e1s j\u00f3venes cursen sus estudios y formaci\u00f3n acad\u00e9mica.<\/p>\n","protected":false},"author":1,"featured_media":0,"comment_status":"open","ping_status":"open","sticky":false,"template":"","format":"standard","meta":{"footnotes":""},"categories":[14,3],"tags":[],"class_list":["post-3625","post","type-post","status-publish","format-standard","hentry","category-destacadas","category-gobierno-del-estado-de-michoacan"],"_links":{"self":[{"href":"https:\/\/radiowebmx.com\/nota\/wp-json\/wp\/v2\/posts\/3625","targetHints":{"allow":["GET"]}}],"collection":[{"href":"https:\/\/radiowebmx.com\/nota\/wp-json\/wp\/v2\/posts"}],"about":[{"href":"https:\/\/radiowebmx.com\/nota\/wp-json\/wp\/v2\/types\/post"}],"author":[{"embeddable":true,"href":"https:\/\/radiowebmx.com\/nota\/wp-json\/wp\/v2\/users\/1"}],"replies":[{"embeddable":true,"href":"https:\/\/radiowebmx.com\/nota\/wp-json\/wp\/v2\/comments?post=3625"}],"version-history":[{"count":1,"href":"https:\/\/radiowebmx.com\/nota\/wp-json\/wp\/v2\/posts\/3625\/revisions"}],"predecessor-version":[{"id":3627,"href":"https:\/\/radiowebmx.com\/nota\/wp-json\/wp\/v2\/posts\/3625\/revisions\/3627"}],"wp:attachment":[{"href":"https:\/\/radiowebmx.com\/nota\/wp-json\/wp\/v2\/media?parent=3625"}],"wp:term":[{"taxonomy":"category","embeddable":true,"href":"https:\/\/radiowebmx.com\/nota\/wp-json\/wp\/v2\/categories?post=3625"},{"taxonomy":"post_tag","embeddable":true,"href":"https:\/\/radiowebmx.com\/nota\/wp-json\/wp\/v2\/tags?post=3625"}],"curies":[{"name":"wp","href":"https:\/\/api.w.org\/{rel}","templated":true}]}}