{"id":36236,"date":"2017-05-19T17:55:52","date_gmt":"2017-05-19T22:55:52","guid":{"rendered":"https:\/\/radiowebmx.com\/nota\/?p=36236"},"modified":"2017-05-22T11:25:10","modified_gmt":"2017-05-22T16:25:10","slug":"alistan-encuentro-iberoamericano-de-educadores-en-michoacan","status":"publish","type":"post","link":"https:\/\/radiowebmx.com\/nota\/alistan-encuentro-iberoamericano-de-educadores-en-michoacan\/","title":{"rendered":"Alistan Encuentro Iberoamericano de Educadores en Michoac\u00e1n"},"content":{"rendered":"<p><a href=\"https:\/\/radiowebmx.com\/nota\/wp-content\/uploads\/2017\/05\/c8325840-a275-47c8-a05c-d2b628fd6ace.jpg\"><img loading=\"lazy\" decoding=\"async\" class=\"alignnone size-medium wp-image-36237\" src=\"https:\/\/radiowebmx.com\/nota\/wp-content\/uploads\/2017\/05\/c8325840-a275-47c8-a05c-d2b628fd6ace-595x334.jpg\" alt=\"\" width=\"595\" height=\"334\" srcset=\"https:\/\/radiowebmx.com\/nota\/wp-content\/uploads\/2017\/05\/c8325840-a275-47c8-a05c-d2b628fd6ace-595x334.jpg 595w, https:\/\/radiowebmx.com\/nota\/wp-content\/uploads\/2017\/05\/c8325840-a275-47c8-a05c-d2b628fd6ace.jpg 709w\" sizes=\"auto, (max-width: 595px) 100vw, 595px\" \/><\/a><\/p>\n<p>&nbsp;<\/p>\n<p><strong>Morelia, Michoac\u00e1n, a 19 de mayo de 2017.-<\/strong>\u00a0Como un punto de encuentro entre docentes michoacanos y reconocidas personalidades de la pedagog\u00eda en el \u00e1mbito nacional e internacional, inici\u00f3 este fin de semana la Tercera Reuni\u00f3n Estatal de Colectivos y Rutas Pedag\u00f3gicas.<\/p>\n<p>&nbsp;<\/p>\n<p>La inauguraci\u00f3n estuvo a cargo del secretario de Innovaci\u00f3n, Ciencia y Desarrollo Tecnol\u00f3gico, Jos\u00e9 Luis Monta\u00f1ez Espinosa, en representaci\u00f3n del Gobernador Silvano Aureoles Conejo.<\/p>\n<p>&nbsp;<\/p>\n<p>Monta\u00f1ez Espinosa destac\u00f3 que este foro antecede al Octavo Encuentro Iberoamericano de Educadores y se realiza con el respaldo de la Red para la Transformaci\u00f3n Educativa en Comunalidad, REDTEC y la SICDET, bajo el lema \u201cConstruyendo el protagonismo y la participaci\u00f3n desde las pr\u00e1cticas pedag\u00f3gicas para la emancipaci\u00f3n. Conversatorio M\u00e9xico, Colombia y Venezuela\u201d.<\/p>\n<p>&nbsp;<\/p>\n<p>A\u00f1adi\u00f3 que el foro busca potenciar el intercambio de experiencias e ideas para construir saberes de manera colectiva.<\/p>\n<p>&nbsp;<\/p>\n<p>\u201cLa educaci\u00f3n debe tener un papel principal integrador y humanista en su avance para erradicar el analfabetismo y lograr el acceso a una educaci\u00f3n de calidad y sin exclusiones\u201d, apunt\u00f3.<\/p>\n<p>&nbsp;<\/p>\n<p>Cabe destacar que para el Octavo Encuentro Iberoamericano de Educadores que tambi\u00e9n se realizar\u00e1 en Michoac\u00e1n del 10 al 21 de julio, se esperan alrededor de mil 500 asistentes procedentes de Espa\u00f1a, M\u00e9xico, Brasil, Argentina, Per\u00fa, Colombia y Venezuela.<\/p>\n<p>&nbsp;<\/p>\n","protected":false},"excerpt":{"rendered":"<p>&nbsp; Morelia, Michoac\u00e1n, a 19 de mayo de 2017.-\u00a0Como un punto de encuentro entre docentes michoacanos y reconocidas personalidades de la pedagog\u00eda en el \u00e1mbito nacional e internacional, inici\u00f3 este fin de semana la Tercera Reuni\u00f3n Estatal de Colectivos y Rutas Pedag\u00f3gicas. &nbsp; La inauguraci\u00f3n estuvo a cargo del secretario de Innovaci\u00f3n, Ciencia y Desarrollo [&hellip;]<\/p>\n","protected":false},"author":2,"featured_media":36237,"comment_status":"closed","ping_status":"closed","sticky":false,"template":"","format":"standard","meta":{"footnotes":""},"categories":[14,3],"tags":[],"class_list":["post-36236","post","type-post","status-publish","format-standard","has-post-thumbnail","hentry","category-destacadas","category-gobierno-del-estado-de-michoacan"],"_links":{"self":[{"href":"https:\/\/radiowebmx.com\/nota\/wp-json\/wp\/v2\/posts\/36236","targetHints":{"allow":["GET"]}}],"collection":[{"href":"https:\/\/radiowebmx.com\/nota\/wp-json\/wp\/v2\/posts"}],"about":[{"href":"https:\/\/radiowebmx.com\/nota\/wp-json\/wp\/v2\/types\/post"}],"author":[{"embeddable":true,"href":"https:\/\/radiowebmx.com\/nota\/wp-json\/wp\/v2\/users\/2"}],"replies":[{"embeddable":true,"href":"https:\/\/radiowebmx.com\/nota\/wp-json\/wp\/v2\/comments?post=36236"}],"version-history":[{"count":1,"href":"https:\/\/radiowebmx.com\/nota\/wp-json\/wp\/v2\/posts\/36236\/revisions"}],"predecessor-version":[{"id":36238,"href":"https:\/\/radiowebmx.com\/nota\/wp-json\/wp\/v2\/posts\/36236\/revisions\/36238"}],"wp:featuredmedia":[{"embeddable":true,"href":"https:\/\/radiowebmx.com\/nota\/wp-json\/wp\/v2\/media\/36237"}],"wp:attachment":[{"href":"https:\/\/radiowebmx.com\/nota\/wp-json\/wp\/v2\/media?parent=36236"}],"wp:term":[{"taxonomy":"category","embeddable":true,"href":"https:\/\/radiowebmx.com\/nota\/wp-json\/wp\/v2\/categories?post=36236"},{"taxonomy":"post_tag","embeddable":true,"href":"https:\/\/radiowebmx.com\/nota\/wp-json\/wp\/v2\/tags?post=36236"}],"curies":[{"name":"wp","href":"https:\/\/api.w.org\/{rel}","templated":true}]}}