{"id":36231,"date":"2017-05-19T17:07:15","date_gmt":"2017-05-19T22:07:15","guid":{"rendered":"https:\/\/radiowebmx.com\/nota\/?p=36231"},"modified":"2017-05-22T11:21:06","modified_gmt":"2017-05-22T16:21:06","slug":"imumo-lanza-convocatoria-para-la-condecoracion-de-la-presea-amalia-solorzano-bravo-2017","status":"publish","type":"post","link":"https:\/\/radiowebmx.com\/nota\/imumo-lanza-convocatoria-para-la-condecoracion-de-la-presea-amalia-solorzano-bravo-2017\/","title":{"rendered":"IMUMO lanza convocatoria para la condecoraci\u00f3n de la \u201cPresea Amalia Sol\u00f3rzano Bravo\u201d 2017"},"content":{"rendered":"<p><a href=\"https:\/\/radiowebmx.com\/nota\/wp-content\/uploads\/2017\/05\/568e03d5-0037-4a79-b5f3-051edc3bf985.jpg\"><img loading=\"lazy\" decoding=\"async\" class=\"alignnone size-medium wp-image-36232\" src=\"https:\/\/radiowebmx.com\/nota\/wp-content\/uploads\/2017\/05\/568e03d5-0037-4a79-b5f3-051edc3bf985-595x334.jpg\" alt=\"\" width=\"595\" height=\"334\" srcset=\"https:\/\/radiowebmx.com\/nota\/wp-content\/uploads\/2017\/05\/568e03d5-0037-4a79-b5f3-051edc3bf985-595x334.jpg 595w, https:\/\/radiowebmx.com\/nota\/wp-content\/uploads\/2017\/05\/568e03d5-0037-4a79-b5f3-051edc3bf985.jpg 709w\" sizes=\"auto, (max-width: 595px) 100vw, 595px\" \/><\/a><\/p>\n<p>&nbsp;<\/p>\n<p>Con el objetivo de dar seguimiento a lo acordado en la Instalaci\u00f3n del Consejo General para la entrega de la condecoraci\u00f3n \u201cPresea Amalia Sol\u00f3rzano Bravo\u201d, acto presidido por el Alcalde, Alfonso Mart\u00ednez Alc\u00e1zar, qued\u00f3 formalmente abierta la convocatoria dirigida a las mujeres morelianas y mexicanas, as\u00ed como a las instituciones p\u00fablicas, privadas o personas morales que deseen participar como candidatas para recibir dicha presea, a trav\u00e9s del Instituto de la Mujer Moreliana (IMUMO), encabezado por Mar\u00eda Eugenia Romero Olvera.<\/p>\n<p>La intenci\u00f3n de hacer p\u00fablica la convocatoria, es hacer llegar la informaci\u00f3n al mayor n\u00famero de personas y elevar la cantidad de candidatas a recibir dicha condecoraci\u00f3n, as\u00ed como llevar a cabo un proceso donde la ciudadan\u00eda se involucre desde un inicio con el procedimiento que el Consejo General estar\u00e1 llevando a cabo en los pr\u00f3ximos d\u00edas.<\/p>\n<p>Con la presencia del Secretario del Ayuntamiento de Morelia, Jes\u00fas \u00c1valos Plata, la Regidora Alma Rosa Bahena Villalobos y el Tesorero Municipal, Alberto Guzm\u00e1n D\u00edaz, la directora de la paramunicipal, Romero Olvera, dio a conocer en rueda de prensa que dicha condecoraci\u00f3n se entregar\u00e1 el pr\u00f3ximo 10 de julio en Sesi\u00f3n Solemne de Cabildo.<\/p>\n<p>Asimismo, se dieron a conocer los requisitos para la participaci\u00f3n de Personas F\u00edsicas, Instituciones P\u00fablicas, Privadas o Personas Morales, as\u00ed como los documentos que deber\u00e1n entregarse para comprobar el cumplimiento de los requisitos.<\/p>\n<p>La fecha para la entrega y recepci\u00f3n de documentos inicia el d\u00eda viernes 19\u00a0 de mayo y concluir\u00e1 el d\u00eda lunes 19 de junio de 2017, el lugar para recibir la documentaci\u00f3n comprobatoria y\/o expedientes, ser\u00e1 en las instalaciones del Instituto de la Mujer Moreliana ubicado en la calle Bartolom\u00e9 de las Casas n\u00famero 491 colonia Centro en un horario de 8:30 a 16:30 horas de lunes a viernes, para mayores informes favor de comunicarse a los tel\u00e9fonos 2327000 al 03.<\/p>\n<p>De igual manera, los requisitos ser\u00e1n publicados continuamente en la p\u00e1gina oficial del IMUMO en Facebook como \u201cInstituto de la Mujer Moreliana \u2013 H. Ayuntamiento de Morelia\u201d y en diferentes Instituciones y Dependencias en las que se colocar\u00e1n propaganda referente a la convocatoria.<\/p>\n","protected":false},"excerpt":{"rendered":"<p>&nbsp; Con el objetivo de dar seguimiento a lo acordado en la Instalaci\u00f3n del Consejo General para la entrega de la condecoraci\u00f3n \u201cPresea Amalia Sol\u00f3rzano Bravo\u201d, acto presidido por el Alcalde, Alfonso Mart\u00ednez Alc\u00e1zar, qued\u00f3 formalmente abierta la convocatoria dirigida a las mujeres morelianas y mexicanas, as\u00ed como a las instituciones p\u00fablicas, privadas o personas [&hellip;]<\/p>\n","protected":false},"author":2,"featured_media":36232,"comment_status":"closed","ping_status":"closed","sticky":false,"template":"","format":"standard","meta":{"footnotes":""},"categories":[14,9],"tags":[],"class_list":["post-36231","post","type-post","status-publish","format-standard","has-post-thumbnail","hentry","category-destacadas","category-morelia"],"_links":{"self":[{"href":"https:\/\/radiowebmx.com\/nota\/wp-json\/wp\/v2\/posts\/36231","targetHints":{"allow":["GET"]}}],"collection":[{"href":"https:\/\/radiowebmx.com\/nota\/wp-json\/wp\/v2\/posts"}],"about":[{"href":"https:\/\/radiowebmx.com\/nota\/wp-json\/wp\/v2\/types\/post"}],"author":[{"embeddable":true,"href":"https:\/\/radiowebmx.com\/nota\/wp-json\/wp\/v2\/users\/2"}],"replies":[{"embeddable":true,"href":"https:\/\/radiowebmx.com\/nota\/wp-json\/wp\/v2\/comments?post=36231"}],"version-history":[{"count":1,"href":"https:\/\/radiowebmx.com\/nota\/wp-json\/wp\/v2\/posts\/36231\/revisions"}],"predecessor-version":[{"id":36233,"href":"https:\/\/radiowebmx.com\/nota\/wp-json\/wp\/v2\/posts\/36231\/revisions\/36233"}],"wp:featuredmedia":[{"embeddable":true,"href":"https:\/\/radiowebmx.com\/nota\/wp-json\/wp\/v2\/media\/36232"}],"wp:attachment":[{"href":"https:\/\/radiowebmx.com\/nota\/wp-json\/wp\/v2\/media?parent=36231"}],"wp:term":[{"taxonomy":"category","embeddable":true,"href":"https:\/\/radiowebmx.com\/nota\/wp-json\/wp\/v2\/categories?post=36231"},{"taxonomy":"post_tag","embeddable":true,"href":"https:\/\/radiowebmx.com\/nota\/wp-json\/wp\/v2\/tags?post=36231"}],"curies":[{"name":"wp","href":"https:\/\/api.w.org\/{rel}","templated":true}]}}