{"id":36225,"date":"2017-05-19T16:40:42","date_gmt":"2017-05-19T21:40:42","guid":{"rendered":"https:\/\/radiowebmx.com\/nota\/?p=36225"},"modified":"2017-05-22T10:58:40","modified_gmt":"2017-05-22T15:58:40","slug":"proam-logra-acuerdo-en-pro-del-medio-ambiente-del-valle-de-zamora","status":"publish","type":"post","link":"https:\/\/radiowebmx.com\/nota\/proam-logra-acuerdo-en-pro-del-medio-ambiente-del-valle-de-zamora\/","title":{"rendered":"ProAm logra acuerdo en pro del medio ambiente del Valle de Zamora"},"content":{"rendered":"<p><a href=\"https:\/\/radiowebmx.com\/nota\/wp-content\/uploads\/2017\/05\/d3003faf-5e6c-4647-8e36-9fd811523670.jpg\"><img loading=\"lazy\" decoding=\"async\" class=\"alignnone size-medium wp-image-36226\" src=\"https:\/\/radiowebmx.com\/nota\/wp-content\/uploads\/2017\/05\/d3003faf-5e6c-4647-8e36-9fd811523670-595x334.jpg\" alt=\"\" width=\"595\" height=\"334\" srcset=\"https:\/\/radiowebmx.com\/nota\/wp-content\/uploads\/2017\/05\/d3003faf-5e6c-4647-8e36-9fd811523670-595x334.jpg 595w, https:\/\/radiowebmx.com\/nota\/wp-content\/uploads\/2017\/05\/d3003faf-5e6c-4647-8e36-9fd811523670.jpg 709w\" sizes=\"auto, (max-width: 595px) 100vw, 595px\" \/><\/a><\/p>\n<p>&nbsp;<\/p>\n<p><strong>Zamora, Michoac\u00e1n, a 19 de mayo de 2017.-<\/strong>\u00a0En un hecho sin precedentes, el 80 por ciento de los empresarios dedicados a procesar fruta en el Valle de Zamora acudieron al llamado de la autoridad ambiental con el prop\u00f3sito de cumplir con la normatividad y proteger el entorno que durante d\u00e9cadas ha sufrido impacto negativo por la mala disposici\u00f3n de los residuos s\u00f3lidos de manejo especial.<\/p>\n<p>&nbsp;<\/p>\n<p>En seguimiento a la \u00faltima reuni\u00f3n celebrada por la Mesa de Seguridad Ambiental el pasado 10 de mayo, el titular de la Procuradur\u00eda de Protecci\u00f3n al Ambiente (ProAm), Juan Carlos Vega Sol\u00f3rzano, extern\u00f3 el inter\u00e9s del Gobierno del Estado, que encabeza Silvano Aureoles Conejo, por apostarle al desarrollo econ\u00f3mico sustentable en esta regi\u00f3n.<\/p>\n<p>&nbsp;<\/p>\n<p>\u201cEstamos convencidos que debemos generar una econom\u00eda sana y pujante pero que sea ambientalmente responsable\u201d, se\u00f1al\u00f3.<\/p>\n<p>&nbsp;<\/p>\n<p>Durante esta reuni\u00f3n, en la que participaron empresas como Agrana Fruit, Alimentos Profusa, Frexport y 15 micro y medianas empresas m\u00e1s, dedicadas a procesar mango, se lleg\u00f3 a los siguientes acuerdos:<\/p>\n<p>&nbsp;<\/p>\n<p>1.\u00a0\u00a0\u00a0\u00a0\u00a0\u00a0\u00a0 Estrechar comunicaci\u00f3n entre el municipio y la ProAm sobre todo en la temporada de mango, que comienza a finales de este mes y termina en el mes de agosto.<\/p>\n<p>&nbsp;<\/p>\n<p>2.\u00a0\u00a0\u00a0\u00a0\u00a0\u00a0\u00a0 Los municipios de Jacona y Zamora deber\u00e1 acondicionar -antes del inicio de la temporada de mango- su relleno sanitario para disponer\u00a0adecuadamente de los residuos que se generen en este periodo.<\/p>\n<p>&nbsp;<\/p>\n<p>3.\u00a0\u00a0\u00a0\u00a0\u00a0\u00a0\u00a0 Los municipios y la ProAm actuar\u00e1n de forma contundente ante infractores que dispongan en sitios clandestinos estos residuos. Las empresas coadyuvar\u00e1n con las autoridades en la vigilancia ante el riesgo de disposici\u00f3n de sitios clandestinos.<\/p>\n<p>&nbsp;<\/p>\n<p>4.\u00a0\u00a0\u00a0\u00a0\u00a0\u00a0\u00a0 Conjuntamente se gestionar\u00e1n recursos para la construcci\u00f3n de una celda espec\u00edfica para el confinamiento de residuos de manejo especial en los rellenos sanitarios de Jacona y Zamora.<\/p>\n<p>&nbsp;<\/p>\n<p>5.\u00a0\u00a0\u00a0\u00a0\u00a0\u00a0\u00a0 El municipio se comprometi\u00f3 a hacer un ajuste en las tarifas por cami\u00f3n para el dep\u00f3sito de residuos de mango de las empresas.<\/p>\n<p>&nbsp;<\/p>\n<p>6.\u00a0\u00a0\u00a0\u00a0\u00a0\u00a0\u00a0 Se apoyar\u00e1n proyectos tecnol\u00f3gicos tendientes a la generaci\u00f3n de energ\u00eda, utilizando como material los residuos org\u00e1nicos de la fruta.<\/p>\n<p>&nbsp;<\/p>\n<p>7.\u00a0\u00a0\u00a0\u00a0\u00a0\u00a0\u00a0 Realizar reuniones de seguimiento, an\u00e1lisis y evaluaci\u00f3n; siendo el pr\u00f3ximo mes de agosto, una vez que termine la temporada,\u00a0la siguiente convocatoria para evaluar los resultados de la estrecha coordinaci\u00f3n entre el Gobierno del Estado, los Municipios y las empresas para la evaluaci\u00f3n de la estrategia de coordinaci\u00f3n para la mitigaci\u00f3n de la disposici\u00f3n err\u00f3nea de manejo de residuos especiales.<\/p>\n<p>&nbsp;<\/p>\n<p>Vega Sol\u00f3rzano detall\u00f3 que las sanciones por el mal manejo de los residuos pueden ir desde las 5 mil y hasta las 20 mil Unidades de Medida de Actualizaci\u00f3n, seg\u00fan lo establecido en el art\u00edculo 83, fracci\u00f3n II de la Ley para la Prevenci\u00f3n y Gesti\u00f3n Integral de Residuos en el Estado de Michoac\u00e1n.<\/p>\n<p>&nbsp;<\/p>\n<p>Durante esta reuni\u00f3n estuvieron tambi\u00e9n presentes el presidente municipal de Zamora, Jos\u00e9 Carlos Lugo God\u00ednez, y la legisladora local integrante de la comisi\u00f3n de Desarrollo Sustentable y Medio Ambiente, Juanita Noem\u00ed Ram\u00edrez Bravo.<\/p>\n","protected":false},"excerpt":{"rendered":"<p>&nbsp; Zamora, Michoac\u00e1n, a 19 de mayo de 2017.-\u00a0En un hecho sin precedentes, el 80 por ciento de los empresarios dedicados a procesar fruta en el Valle de Zamora acudieron al llamado de la autoridad ambiental con el prop\u00f3sito de cumplir con la normatividad y proteger el entorno que durante d\u00e9cadas ha sufrido impacto negativo [&hellip;]<\/p>\n","protected":false},"author":2,"featured_media":36226,"comment_status":"closed","ping_status":"closed","sticky":false,"template":"","format":"standard","meta":{"footnotes":""},"categories":[14,3],"tags":[],"class_list":["post-36225","post","type-post","status-publish","format-standard","has-post-thumbnail","hentry","category-destacadas","category-gobierno-del-estado-de-michoacan"],"_links":{"self":[{"href":"https:\/\/radiowebmx.com\/nota\/wp-json\/wp\/v2\/posts\/36225","targetHints":{"allow":["GET"]}}],"collection":[{"href":"https:\/\/radiowebmx.com\/nota\/wp-json\/wp\/v2\/posts"}],"about":[{"href":"https:\/\/radiowebmx.com\/nota\/wp-json\/wp\/v2\/types\/post"}],"author":[{"embeddable":true,"href":"https:\/\/radiowebmx.com\/nota\/wp-json\/wp\/v2\/users\/2"}],"replies":[{"embeddable":true,"href":"https:\/\/radiowebmx.com\/nota\/wp-json\/wp\/v2\/comments?post=36225"}],"version-history":[{"count":1,"href":"https:\/\/radiowebmx.com\/nota\/wp-json\/wp\/v2\/posts\/36225\/revisions"}],"predecessor-version":[{"id":36227,"href":"https:\/\/radiowebmx.com\/nota\/wp-json\/wp\/v2\/posts\/36225\/revisions\/36227"}],"wp:featuredmedia":[{"embeddable":true,"href":"https:\/\/radiowebmx.com\/nota\/wp-json\/wp\/v2\/media\/36226"}],"wp:attachment":[{"href":"https:\/\/radiowebmx.com\/nota\/wp-json\/wp\/v2\/media?parent=36225"}],"wp:term":[{"taxonomy":"category","embeddable":true,"href":"https:\/\/radiowebmx.com\/nota\/wp-json\/wp\/v2\/categories?post=36225"},{"taxonomy":"post_tag","embeddable":true,"href":"https:\/\/radiowebmx.com\/nota\/wp-json\/wp\/v2\/tags?post=36225"}],"curies":[{"name":"wp","href":"https:\/\/api.w.org\/{rel}","templated":true}]}}