{"id":3616,"date":"2013-08-23T11:03:41","date_gmt":"2013-08-23T16:03:41","guid":{"rendered":"https:\/\/radiowebmx.com\/nota\/?p=3616"},"modified":"2013-08-23T12:32:26","modified_gmt":"2013-08-23T17:32:26","slug":"instalado-el-comite-directivo-del-sistema-estatal-de-desarrollo-social-sieds","status":"publish","type":"post","link":"https:\/\/radiowebmx.com\/nota\/instalado-el-comite-directivo-del-sistema-estatal-de-desarrollo-social-sieds\/","title":{"rendered":"INSTALADO EL COMIT\u00c9 DIRECTIVO DEL SISTEMA ESTATAL DE DESARROLLO SOCIAL (SIEDS)"},"content":{"rendered":"<p><a href=\"https:\/\/radiowebmx.com\/nota\/wp-content\/uploads\/2013\/08\/DSC_6116.jpg\"><img loading=\"lazy\" decoding=\"async\" class=\"alignleft size-full wp-image-3617\" alt=\"DSC_6116\" src=\"https:\/\/radiowebmx.com\/nota\/wp-content\/uploads\/2013\/08\/DSC_6116.jpg\" width=\"591\" height=\"294\" \/><\/a>Para cumplir con el mandato del Congreso del Estado y fomentar el trabajo coordinado de los tres \u00f3rdenes de gobierno en asistencia social, qued\u00f3 instalado el Comit\u00e9 Directivo del Sistema Estatal de Desarrollo Social (SIEDS), cuerpo colegiado que tiene como objetivo formular, aprobar y determinar las zonas de atenci\u00f3n prioritarias para la aplicaci\u00f3n de los programas sociales, as\u00ed como evitar duplicidades y garantizar siempre la transparencia en el manejo de los recursos.<\/p>\n<p>El propio gobernador Jes\u00fas Reyna Garc\u00eda forma parte del Comit\u00e9 Directivo del SIEDS, donde los integrantes, desde su respectivo \u00e1mbito de competencia, deben atender organizadamente a los michoacanos e incorporarlos al desarrollo, dejando atr\u00e1s pol\u00edtica asistencialistas y evitando que los apoyos sean utilizados como d\u00e1divas.<\/p>\n<p>En ceremonia llevada a cabo en el sal\u00f3n Independencia de Casa de Gobierno, el mandatario expres\u00f3: \u201ces necesario focalizar la atenci\u00f3n hacia aquellos que han nacido en situaci\u00f3n de vulnerabilidad y sin los medios para salir adelante, pues es deber del gobierno incorporarlos a su desarrollo y coadyuvar para que tengan una mejor y m\u00e1s productiva vida\u201d.<\/p>\n<p>Al evento asisti\u00f3 el director general de Liconsa, H\u00e9ctor Pablo Ram\u00edrez Puga Leyva, quien acudi\u00f3 con la representaci\u00f3n de la secretaria de Desarrollo Social, Rosario Robles Berlanga.<\/p>\n<p>El funcionario federal expuso que para el gobierno Federal es de vital importancia lo que sucede en Michoac\u00e1n y se\u00f1al\u00f3 que entre sus prioridades se encuentra revisar estrategias y focalizar esfuerzos para lograr la correcta coordinaci\u00f3n de los tres \u00f3rdenes de gobierno, sin distingo de colores o partidos pol\u00edticos.<\/p>\n<p>El Sistema Estatal de Desarrollo Social tiene la finalidad de mejorar las condiciones de vida de los michoacanos que m\u00e1s lo necesitan y est\u00e1 totalmente alineado con los objetivos de la Cruzada Nacional Contra el Hambre; tambi\u00e9n, establece las bases de coordinaci\u00f3n entre las dependencias y entidades federales, estatales y municipales en la formulaci\u00f3n, ejecuci\u00f3n y evaluaci\u00f3n de programas, acciones e inversiones en materia de desarrollo social, seg\u00fan explic\u00f3 Rodrigo Iv\u00e1n Maldonado L\u00f3pez, secretario de Pol\u00edtica Social.<\/p>\n<p>Forman tambi\u00e9n parte del Comit\u00e9 Directivo del Sistema Estatal de Desarrollo Social el secretario de Gobierno, Jaime Mares Camarena; lo mismo que el secretario de Pol\u00edtica Social, Rodrigo Iv\u00e1n Maldonado L\u00f3pez.<\/p>\n<p>En calidad de vocales participan la encargada del despacho de la Secretar\u00eda de Finanzas y Administraci\u00f3n, Marcela Figueroa Aguilar; el coordinador de Planeaci\u00f3n para el Desarrollo y encargado del despacho de CEDEMUN, Francisco Octavio Aparicio Mendoza; as\u00ed como el coordinador de Contralor\u00eda, Roberto Coria Villafuerte.<\/p>\n<p>Tambi\u00e9n participan como integrantes del subcomit\u00e9 los alcaldes de los 113 municipios de Michoac\u00e1n y titulares de dependencias de los tres \u00f3rdenes de gobierno con accionar en programas sociales.<\/p>\n<p>Asistieron a la ceremonia el delegado en Michoac\u00e1n de la SEDESOL, V\u00edctor Manuel Silva Tejeda; y el presidente de la Comisi\u00f3n de Desarrollo Social del Congreso del Estado, Miguel Amezcua Manzo.<\/p>\n","protected":false},"excerpt":{"rendered":"<p>Para cumplir con el mandato del Congreso del Estado y fomentar el trabajo coordinado de los tres \u00f3rdenes de gobierno en asistencia social, qued\u00f3 instalado el Comit\u00e9 Directivo del Sistema Estatal de Desarrollo Social (SIEDS),<\/p>\n","protected":false},"author":1,"featured_media":0,"comment_status":"open","ping_status":"open","sticky":false,"template":"","format":"standard","meta":{"footnotes":""},"categories":[14,3],"tags":[],"class_list":["post-3616","post","type-post","status-publish","format-standard","hentry","category-destacadas","category-gobierno-del-estado-de-michoacan"],"_links":{"self":[{"href":"https:\/\/radiowebmx.com\/nota\/wp-json\/wp\/v2\/posts\/3616","targetHints":{"allow":["GET"]}}],"collection":[{"href":"https:\/\/radiowebmx.com\/nota\/wp-json\/wp\/v2\/posts"}],"about":[{"href":"https:\/\/radiowebmx.com\/nota\/wp-json\/wp\/v2\/types\/post"}],"author":[{"embeddable":true,"href":"https:\/\/radiowebmx.com\/nota\/wp-json\/wp\/v2\/users\/1"}],"replies":[{"embeddable":true,"href":"https:\/\/radiowebmx.com\/nota\/wp-json\/wp\/v2\/comments?post=3616"}],"version-history":[{"count":3,"href":"https:\/\/radiowebmx.com\/nota\/wp-json\/wp\/v2\/posts\/3616\/revisions"}],"predecessor-version":[{"id":3619,"href":"https:\/\/radiowebmx.com\/nota\/wp-json\/wp\/v2\/posts\/3616\/revisions\/3619"}],"wp:attachment":[{"href":"https:\/\/radiowebmx.com\/nota\/wp-json\/wp\/v2\/media?parent=3616"}],"wp:term":[{"taxonomy":"category","embeddable":true,"href":"https:\/\/radiowebmx.com\/nota\/wp-json\/wp\/v2\/categories?post=3616"},{"taxonomy":"post_tag","embeddable":true,"href":"https:\/\/radiowebmx.com\/nota\/wp-json\/wp\/v2\/tags?post=3616"}],"curies":[{"name":"wp","href":"https:\/\/api.w.org\/{rel}","templated":true}]}}