{"id":36026,"date":"2017-05-16T17:40:56","date_gmt":"2017-05-16T22:40:56","guid":{"rendered":"https:\/\/radiowebmx.com\/nota\/?p=36026"},"modified":"2017-05-17T10:28:25","modified_gmt":"2017-05-17T15:28:25","slug":"cgcs-por-la-profesionalizacion-de-las-y-los-locutores-julieta-lopez","status":"publish","type":"post","link":"https:\/\/radiowebmx.com\/nota\/cgcs-por-la-profesionalizacion-de-las-y-los-locutores-julieta-lopez\/","title":{"rendered":"CGCS, por la profesionalizaci\u00f3n de las y los locutores: Julieta L\u00f3pez"},"content":{"rendered":"<p><a href=\"https:\/\/radiowebmx.com\/nota\/wp-content\/uploads\/2017\/05\/9928b6c9-c335-4559-b520-21cb6532beb5.jpg\"><img loading=\"lazy\" decoding=\"async\" class=\"alignnone size-medium wp-image-36027\" src=\"https:\/\/radiowebmx.com\/nota\/wp-content\/uploads\/2017\/05\/9928b6c9-c335-4559-b520-21cb6532beb5-595x334.jpg\" alt=\"\" width=\"595\" height=\"334\" srcset=\"https:\/\/radiowebmx.com\/nota\/wp-content\/uploads\/2017\/05\/9928b6c9-c335-4559-b520-21cb6532beb5-595x334.jpg 595w, https:\/\/radiowebmx.com\/nota\/wp-content\/uploads\/2017\/05\/9928b6c9-c335-4559-b520-21cb6532beb5.jpg 709w\" sizes=\"auto, (max-width: 595px) 100vw, 595px\" \/><\/a><\/p>\n<p>&nbsp;<\/p>\n<p><strong>Jiquilpan, Michoac\u00e1n, a 16 de mayo de 2017.-<\/strong> Las y los comunicadores, periodistas y locutores, cuentan con el respaldo del Gobernador Silvano Aureoles Conejo y de la Coordinaci\u00f3n General de Comunicaci\u00f3n Social (CGCS) para seguirse capacitando y actualizando en favor de la profesionalizaci\u00f3n de quienes se dedican a la importante labor de informar y comunicar, manifest\u00f3 su titular, Julieta L\u00f3pez Bautista.<\/p>\n<p>Al atestiguar la entrega del terreno que el Ayuntamiento de Jiquilpan don\u00f3 para la construcci\u00f3n de la Casa del Locutor y Talleres Audiovisuales, proyecto al que Aureoles Conejo ha dado seguimiento y expresado todo el apoyo de su administraci\u00f3n, L\u00f3pez Bautista reiter\u00f3 que cuentan con el respaldo para hacer posible a la brevedad la consolidaci\u00f3n de este espacio<\/p>\n<p>&#8220;Hoy en d\u00eda en el mundo de las tecnolog\u00edas que han revolucionado, de los medios digitales, la actualizaci\u00f3n y capacitaci\u00f3n es muy importante; no se puede avanzar si no se cuenta con ello\u201d, enfatiz\u00f3 la funcionaria estatal, en presencia de Rosal\u00eda Bua\u00fan S\u00e1nchez, presidenta de la Asociaci\u00f3n Nacional de Locutores de M\u00e9xico (ANLM).<\/p>\n<p>La Casa del Locutor y Talleres Audiovisuales se construir\u00e1 en una superficie de 2 mil 500 metros cuadrados y tendr\u00e1 una inversi\u00f3n de m\u00e1s de 4 millones 200 mil pesos.<\/p>\n<p>Julieta L\u00f3pez anunci\u00f3 que ya se trabaja para impulsar talleres, diplomados y programas en materia de locuci\u00f3n que se llevar\u00e1n a cabo por regiones, adem\u00e1s de que se realiza la gesti\u00f3n para que todas y todos los locutores que participen en los mismos puedan tener un documento acreditado por la Asociaci\u00f3n Nacional de Locutores y que formen parte de esta asociaci\u00f3n.<\/p>\n<p>En su mensaje, reconoci\u00f3 y felicit\u00f3 la labor de gesti\u00f3n de la Asociaci\u00f3n Nacional de Locutores y de las y los locutores michoacanos para dar este primer paso, al tiempo de recalcar que el Gobierno de Michoac\u00e1n a trav\u00e9s de la CGCS seguir\u00e1 acompa\u00f1ando este esfuerzo.<\/p>\n<p>Mientras que Rosal\u00eda Bua\u00fan, manifest\u00f3 que la Asociaci\u00f3n Nacional de Locutores present\u00f3 una propuesta a la Secretar\u00eda de Educaci\u00f3n P\u00fablica para autorizar la Licenciatura en Locuci\u00f3n y darle mayor valor a esta labor.<\/p>\n<p>Felicit\u00f3 a sus compa\u00f1eros Manuel \u00c1ngel Cort\u00e9s, presidente de la ANLM delegaci\u00f3n Michoac\u00e1n y a Jaime Santill\u00e1n C\u00e1rdenas, presidente de dicho organismo en la delegaci\u00f3n Ci\u00e9nega de Chapala, por su dedicaci\u00f3n para la consolidaci\u00f3n de este proyecto y se\u00f1al\u00f3 que continuar\u00e1n ofreciendo talleres en nuestra entidad para que las y locutores se mantengan vigentes en cuanto a su profesi\u00f3n, formando a las nuevas generaciones de locutores.<\/p>\n<p>Por otra parte, inform\u00f3 que la Asociaci\u00f3n Nacional de Locutores de M\u00e9xico, en conjunto con la Universidad Ejecutiva del Estado de M\u00e9xico, entregan cada a\u00f1o Doctorados Honoris Causa a grandes personalidades de distintos \u00e1mbitos por sus destacados logros y aportaciones a la sociedad de M\u00e9xico, raz\u00f3n por la que en la edici\u00f3n 2017 a celebrarse en julio pr\u00f3ximo, \u201cser\u00e1 un honor que tanto la licenciada Julieta L\u00f3pez como usted presidente Manuel \u00c1ngel Cort\u00e9s, sean nuestros pr\u00f3ximos Doctores Honoris Causa\u201d.<\/p>\n<p>Atestiguaron la entrega de este predio, el presidente municipal de Jiquilpan, Jos\u00e9 Clemente Covarrubias Castillo; el secretario de la ANLM delegaci\u00f3n Ci\u00e9nega de Chapala, Ra\u00fal Villanueva; el asesor de la CGCS, Ad\u00e1n Garc\u00eda, adem\u00e1s de locutores, locutoras, empresarios y personalidades de esta regi\u00f3n.<\/p>\n","protected":false},"excerpt":{"rendered":"<p>&nbsp; Jiquilpan, Michoac\u00e1n, a 16 de mayo de 2017.- Las y los comunicadores, periodistas y locutores, cuentan con el respaldo del Gobernador Silvano Aureoles Conejo y de la Coordinaci\u00f3n General de Comunicaci\u00f3n Social (CGCS) para seguirse capacitando y actualizando en favor de la profesionalizaci\u00f3n de quienes se dedican a la importante labor de informar y [&hellip;]<\/p>\n","protected":false},"author":2,"featured_media":36027,"comment_status":"closed","ping_status":"closed","sticky":false,"template":"","format":"standard","meta":{"footnotes":""},"categories":[14,3],"tags":[],"class_list":["post-36026","post","type-post","status-publish","format-standard","has-post-thumbnail","hentry","category-destacadas","category-gobierno-del-estado-de-michoacan"],"_links":{"self":[{"href":"https:\/\/radiowebmx.com\/nota\/wp-json\/wp\/v2\/posts\/36026","targetHints":{"allow":["GET"]}}],"collection":[{"href":"https:\/\/radiowebmx.com\/nota\/wp-json\/wp\/v2\/posts"}],"about":[{"href":"https:\/\/radiowebmx.com\/nota\/wp-json\/wp\/v2\/types\/post"}],"author":[{"embeddable":true,"href":"https:\/\/radiowebmx.com\/nota\/wp-json\/wp\/v2\/users\/2"}],"replies":[{"embeddable":true,"href":"https:\/\/radiowebmx.com\/nota\/wp-json\/wp\/v2\/comments?post=36026"}],"version-history":[{"count":1,"href":"https:\/\/radiowebmx.com\/nota\/wp-json\/wp\/v2\/posts\/36026\/revisions"}],"predecessor-version":[{"id":36028,"href":"https:\/\/radiowebmx.com\/nota\/wp-json\/wp\/v2\/posts\/36026\/revisions\/36028"}],"wp:featuredmedia":[{"embeddable":true,"href":"https:\/\/radiowebmx.com\/nota\/wp-json\/wp\/v2\/media\/36027"}],"wp:attachment":[{"href":"https:\/\/radiowebmx.com\/nota\/wp-json\/wp\/v2\/media?parent=36026"}],"wp:term":[{"taxonomy":"category","embeddable":true,"href":"https:\/\/radiowebmx.com\/nota\/wp-json\/wp\/v2\/categories?post=36026"},{"taxonomy":"post_tag","embeddable":true,"href":"https:\/\/radiowebmx.com\/nota\/wp-json\/wp\/v2\/tags?post=36026"}],"curies":[{"name":"wp","href":"https:\/\/api.w.org\/{rel}","templated":true}]}}