{"id":36023,"date":"2017-05-16T17:36:29","date_gmt":"2017-05-16T22:36:29","guid":{"rendered":"https:\/\/radiowebmx.com\/nota\/?p=36023"},"modified":"2017-05-17T10:26:49","modified_gmt":"2017-05-17T15:26:49","slug":"gobierno-de-morelia-cercano-a-los-jovenes-alfonso-martinez","status":"publish","type":"post","link":"https:\/\/radiowebmx.com\/nota\/gobierno-de-morelia-cercano-a-los-jovenes-alfonso-martinez\/","title":{"rendered":"Gobierno de Morelia, cercano a los j\u00f3venes: Alfonso Mart\u00ednez"},"content":{"rendered":"<p><a href=\"https:\/\/radiowebmx.com\/nota\/wp-content\/uploads\/2017\/05\/456a06a0-9aa3-412c-b3ea-80304cde6411.jpg\"><img loading=\"lazy\" decoding=\"async\" class=\"alignnone size-medium wp-image-36024\" src=\"https:\/\/radiowebmx.com\/nota\/wp-content\/uploads\/2017\/05\/456a06a0-9aa3-412c-b3ea-80304cde6411-595x396.jpg\" alt=\"\" width=\"595\" height=\"396\" srcset=\"https:\/\/radiowebmx.com\/nota\/wp-content\/uploads\/2017\/05\/456a06a0-9aa3-412c-b3ea-80304cde6411-595x396.jpg 595w, https:\/\/radiowebmx.com\/nota\/wp-content\/uploads\/2017\/05\/456a06a0-9aa3-412c-b3ea-80304cde6411.jpg 709w\" sizes=\"auto, (max-width: 595px) 100vw, 595px\" \/><\/a><\/p>\n<p>&nbsp;<\/p>\n<p>En este Gobierno Municipal estamos muy interesados en estar cerca de los j\u00f3venes, y contribuir no s\u00f3lo en su formaci\u00f3n y desarrollo integral, sino tambi\u00e9n en cambiar\u00a0 su visi\u00f3n, motiv\u00e1ndolos para prepararse para tener un futuro de \u00e9xito, afirm\u00f3 el Alcalde, Alfonso Mart\u00ednez Alc\u00e1zar, durante la Inauguraci\u00f3n del debate interescolar Di\u00e1logos 2017.<\/p>\n<p>Teniendo como sede las instalaciones del Instituto Ausubel y en compa\u00f1\u00eda de la directora del Plantel Educativo, Mar\u00eda Concepci\u00f3n Moreno, el Director del Colegio de Morelia, Alejandro Amante Urbina, as\u00ed como autoridades educativas, el Alcalde, destac\u00f3 la importancia de sembrar en los estudiantes el \u00edmpetu por ser \u201clos mejores\u201d.<\/p>\n<p>\u201cNecesitamos que la visi\u00f3n empiece a cambiar en nuestro pa\u00eds, que la visi\u00f3n de todos los ciudadanos sea hacer las cosas bien; muchas veces nos dicen que lo importante no es ganar sino competir, pero tenemos que prepararnos para ganar, porque solo a trav\u00e9s de la constancia, disciplina\u00a0 y preparaci\u00f3n, se puede alcanzar el \u00e9xito\u201d, asegur\u00f3 el alcalde frente a cientos de alumnos de distintas preparatorias del municipio.<\/p>\n<p>En este marco, Mart\u00ednez Alc\u00e1zar, conmin\u00f3 a los j\u00f3venes a prepararse y tener constancia en aras de conseguir sus objetivos, y a la par para ser mejores ciudadanos y contribuir en el desarrollo del municipio y el pa\u00eds, al tiempo que felicit\u00f3 a los maestros por la gran labor que realizan.<\/p>\n<p>Por su parte, el Director del Colegio de Morelia, Alejandro Amante, resalt\u00f3 que una de las instrucciones del Presidente Municipal, es convertir a Morelia en una de las ciudades m\u00e1s educadoras del pa\u00eds, de ah\u00ed que a trav\u00e9s de esta instancia municipal, se otorgaron 600 becas a j\u00f3venes morelianos para que puedan continuar sus estudios.<\/p>\n<p>Al hacer uso de la voz, la Directora del Instituto Ausubel, refiri\u00f3 que este encuentro consiste en el debate de los j\u00f3venes de 4 tem\u00e1ticas: Econom\u00eda, Temas Globales, Sociopol\u00edtica y Ciencia y Tecnolog\u00eda, cuyo objetivo es fomentar el esp\u00edritu competitivo en los estudiantes y dejar sobre la mesa soluciones a las problem\u00e1ticas al respecto.<\/p>\n<p>Es de mencionar que Di\u00e1logos 2017 se desarrolla a partir de este 16 y hasta 19 de mayo, con la participaci\u00f3n de las escuelas preparatorias particulares de Morelia: Instituto Latino de Morelia, Preparatoria de Universidad La Salle Morelia, Preparatoria de la Universidad Latina de Am\u00e9rica, Preparatoria Jefferson, Prepa Tec del Tecnol\u00f3gico de Monterrey, Instituto Valladolid e Instituto Ausubel Biling\u00fce, as\u00ed como la escuela de Guanajuato, Instituto Humanista Iberoamericano.<\/p>\n","protected":false},"excerpt":{"rendered":"<p>&nbsp; En este Gobierno Municipal estamos muy interesados en estar cerca de los j\u00f3venes, y contribuir no s\u00f3lo en su formaci\u00f3n y desarrollo integral, sino tambi\u00e9n en cambiar\u00a0 su visi\u00f3n, motiv\u00e1ndolos para prepararse para tener un futuro de \u00e9xito, afirm\u00f3 el Alcalde, Alfonso Mart\u00ednez Alc\u00e1zar, durante la Inauguraci\u00f3n del debate interescolar Di\u00e1logos 2017. Teniendo como [&hellip;]<\/p>\n","protected":false},"author":2,"featured_media":36024,"comment_status":"closed","ping_status":"closed","sticky":false,"template":"","format":"standard","meta":{"footnotes":""},"categories":[14,9],"tags":[],"class_list":["post-36023","post","type-post","status-publish","format-standard","has-post-thumbnail","hentry","category-destacadas","category-morelia"],"_links":{"self":[{"href":"https:\/\/radiowebmx.com\/nota\/wp-json\/wp\/v2\/posts\/36023","targetHints":{"allow":["GET"]}}],"collection":[{"href":"https:\/\/radiowebmx.com\/nota\/wp-json\/wp\/v2\/posts"}],"about":[{"href":"https:\/\/radiowebmx.com\/nota\/wp-json\/wp\/v2\/types\/post"}],"author":[{"embeddable":true,"href":"https:\/\/radiowebmx.com\/nota\/wp-json\/wp\/v2\/users\/2"}],"replies":[{"embeddable":true,"href":"https:\/\/radiowebmx.com\/nota\/wp-json\/wp\/v2\/comments?post=36023"}],"version-history":[{"count":1,"href":"https:\/\/radiowebmx.com\/nota\/wp-json\/wp\/v2\/posts\/36023\/revisions"}],"predecessor-version":[{"id":36025,"href":"https:\/\/radiowebmx.com\/nota\/wp-json\/wp\/v2\/posts\/36023\/revisions\/36025"}],"wp:featuredmedia":[{"embeddable":true,"href":"https:\/\/radiowebmx.com\/nota\/wp-json\/wp\/v2\/media\/36024"}],"wp:attachment":[{"href":"https:\/\/radiowebmx.com\/nota\/wp-json\/wp\/v2\/media?parent=36023"}],"wp:term":[{"taxonomy":"category","embeddable":true,"href":"https:\/\/radiowebmx.com\/nota\/wp-json\/wp\/v2\/categories?post=36023"},{"taxonomy":"post_tag","embeddable":true,"href":"https:\/\/radiowebmx.com\/nota\/wp-json\/wp\/v2\/tags?post=36023"}],"curies":[{"name":"wp","href":"https:\/\/api.w.org\/{rel}","templated":true}]}}