{"id":35998,"date":"2017-05-16T12:16:36","date_gmt":"2017-05-16T17:16:36","guid":{"rendered":"https:\/\/radiowebmx.com\/nota\/?p=35998"},"modified":"2017-05-16T12:16:36","modified_gmt":"2017-05-16T17:16:36","slug":"exige-diputada-xochitl-ruiz-certeza-para-productores","status":"publish","type":"post","link":"https:\/\/radiowebmx.com\/nota\/exige-diputada-xochitl-ruiz-certeza-para-productores\/","title":{"rendered":"Exige diputada X\u00f3chitl Ruiz, certeza para productores"},"content":{"rendered":"<p class=\"x_MsoNormal\"><a href=\"https:\/\/radiowebmx.com\/nota\/wp-content\/uploads\/2017\/05\/Dip.-X\u00f3chitl-Ruiz.jpeg\"><img loading=\"lazy\" decoding=\"async\" class=\"alignnone size-medium wp-image-35999\" src=\"https:\/\/radiowebmx.com\/nota\/wp-content\/uploads\/2017\/05\/Dip.-X\u00f3chitl-Ruiz-595x396.jpeg\" alt=\"\" width=\"595\" height=\"396\" srcset=\"https:\/\/radiowebmx.com\/nota\/wp-content\/uploads\/2017\/05\/Dip.-X\u00f3chitl-Ruiz-595x396.jpeg 595w, https:\/\/radiowebmx.com\/nota\/wp-content\/uploads\/2017\/05\/Dip.-X\u00f3chitl-Ruiz.jpeg 709w\" sizes=\"auto, (max-width: 595px) 100vw, 595px\" \/><\/a><\/p>\n<p class=\"x_MsoNormal\">\n<p class=\"x_MsoNormal\"><b>Morelia; Michoac\u00e1n, 16 de mayo de 2017<\/b>.- Exigimos al Gobierno del Estado respete el estado de derecho, e instale una mesa de an\u00e1lisis que permita examinar las condiciones en que se encuentran los plant\u00edos de aguacate en Michoac\u00e1n y que no se act\u00fae\u00a0 a rajatabla en contra de productores, se\u00f1al\u00f3 la diputada X\u00f3chitl Ruiz Gonz\u00e1lez.<\/p>\n<p class=\"x_MsoNormal\">\u201cNo estamos en contra de que se cumpla la ley, estamos en contra de que se violente y que se actu\u00e9 con ilegalidad para combatir otra presunta ilegalidad\u201d, agreg\u00f3.<\/p>\n<p class=\"x_MsoNormal\">La tambi\u00e9n integrante de la Comisi\u00f3n de Justicia del Congreso del Estado se\u00f1al\u00f3 que m\u00e1s all\u00e1 de que se presuma que existen terrenos que han construido huertas en la ilegalidad, se tiene que observar el estricto proceso, y darle oportunidad a los productores de que se defiendan, antes de afectar sus cultivos de manera irreversible.<\/p>\n<p class=\"x_MsoNormal\">Por lo anterior, la legisladora emanada del Partido Revolucionario Institucional, se\u00f1al\u00f3 que de continuar con estos operativos judiciales, se corre el riesgo de poner en peligro la producci\u00f3n estatal del fruto, que se ha destacado por tener la mayor presencia en la Uni\u00f3n Americana.<\/p>\n<p class=\"x_MsoNormal\">Puntualiz\u00f3 que en su car\u00e1cter de legisladora, no est\u00e1 defendiendo la tala ilegal, tampoco a quienes trasgredieron la normas\u00a0 y que despu\u00e9s de aprobada la ley ambiental en el estado, realizaron tala ilegal de bosques, \u201cestamos defendiendo a cientos de productores de todo el estado que se han acercado a solicitar nuestro respaldo en la defensa de sus leg\u00edtimos cultivos para que se pueda continuar con la productividad y desarrollo sostenido de sus municipios\u201d se\u00f1ala.<\/p>\n<p class=\"x_MsoNormal\">Explic\u00f3 que las instancias que integran la mesa de seguridad ambiental est\u00e1n actuando de manera ilegal sobre lo que establece las garant\u00edas constitucionales y sobre la ley ambiental de la federaci\u00f3n, \u201ccorresponde a las instancias federales, como la Semarnat y la Profepa, observar el debido cumplimiento de la ley y sancionar a los productores que ilegalmente desmontan y realizan el cambio de usos de suelo\u201d, asever\u00f3.<\/p>\n<p class=\"x_MsoNormal\">Asimismo, subray\u00f3 que las instancias estatales est\u00e1n sobrevaluando su autoridad y con ello incurriendo en violaciones a las garant\u00edas enmarcadas en la Carta Magna.<\/p>\n<p class=\"x_MsoNormal\">Finalmente sostuvo el llamado a\u00a0 las instituciones que integran la Mesa de Seguridad Ambiental, para que en el marco del estado de derecho, detengan estos operativos hasta en tanto no definan con certeza y dentro del marco legal, quien o quienes incurrieron en actos de cambio de usos de suelo irregulares despu\u00e9s de la aprobaci\u00f3n de la Ley Ambiental del Estado de Michoac\u00e1n, y detener la criminalizaci\u00f3n de cultivos en el estado.<\/p>\n","protected":false},"excerpt":{"rendered":"<p>Morelia; Michoac\u00e1n, 16 de mayo de 2017.- Exigimos al Gobierno del Estado respete el estado de derecho, e instale una mesa de an\u00e1lisis que permita examinar las condiciones en que se encuentran los plant\u00edos de aguacate en Michoac\u00e1n y que no se act\u00fae\u00a0 a rajatabla en contra de productores, se\u00f1al\u00f3 la diputada X\u00f3chitl Ruiz Gonz\u00e1lez. [&hellip;]<\/p>\n","protected":false},"author":2,"featured_media":35999,"comment_status":"closed","ping_status":"closed","sticky":false,"template":"","format":"standard","meta":{"footnotes":""},"categories":[6,14,7],"tags":[],"class_list":["post-35998","post","type-post","status-publish","format-standard","has-post-thumbnail","hentry","category-congreso-del-estado","category-destacadas","category-grupo-parlamentario-del-pri"],"_links":{"self":[{"href":"https:\/\/radiowebmx.com\/nota\/wp-json\/wp\/v2\/posts\/35998","targetHints":{"allow":["GET"]}}],"collection":[{"href":"https:\/\/radiowebmx.com\/nota\/wp-json\/wp\/v2\/posts"}],"about":[{"href":"https:\/\/radiowebmx.com\/nota\/wp-json\/wp\/v2\/types\/post"}],"author":[{"embeddable":true,"href":"https:\/\/radiowebmx.com\/nota\/wp-json\/wp\/v2\/users\/2"}],"replies":[{"embeddable":true,"href":"https:\/\/radiowebmx.com\/nota\/wp-json\/wp\/v2\/comments?post=35998"}],"version-history":[{"count":1,"href":"https:\/\/radiowebmx.com\/nota\/wp-json\/wp\/v2\/posts\/35998\/revisions"}],"predecessor-version":[{"id":36000,"href":"https:\/\/radiowebmx.com\/nota\/wp-json\/wp\/v2\/posts\/35998\/revisions\/36000"}],"wp:featuredmedia":[{"embeddable":true,"href":"https:\/\/radiowebmx.com\/nota\/wp-json\/wp\/v2\/media\/35999"}],"wp:attachment":[{"href":"https:\/\/radiowebmx.com\/nota\/wp-json\/wp\/v2\/media?parent=35998"}],"wp:term":[{"taxonomy":"category","embeddable":true,"href":"https:\/\/radiowebmx.com\/nota\/wp-json\/wp\/v2\/categories?post=35998"},{"taxonomy":"post_tag","embeddable":true,"href":"https:\/\/radiowebmx.com\/nota\/wp-json\/wp\/v2\/tags?post=35998"}],"curies":[{"name":"wp","href":"https:\/\/api.w.org\/{rel}","templated":true}]}}