{"id":35995,"date":"2017-05-16T12:14:28","date_gmt":"2017-05-16T17:14:28","guid":{"rendered":"https:\/\/radiowebmx.com\/nota\/?p=35995"},"modified":"2017-05-16T12:14:28","modified_gmt":"2017-05-16T17:14:28","slug":"rezagos-pendientes-en-el-dia-de-las-familias-nalleli-pedraza","status":"publish","type":"post","link":"https:\/\/radiowebmx.com\/nota\/rezagos-pendientes-en-el-dia-de-las-familias-nalleli-pedraza\/","title":{"rendered":"Rezagos pendientes en el D\u00eda de las Familias: Nalleli Pedraza"},"content":{"rendered":"<p class=\"x_gmail-xmsonormal\"><a href=\"https:\/\/radiowebmx.com\/nota\/wp-content\/uploads\/2017\/05\/673-01.jpg\"><img loading=\"lazy\" decoding=\"async\" class=\"alignnone size-medium wp-image-35996\" src=\"https:\/\/radiowebmx.com\/nota\/wp-content\/uploads\/2017\/05\/673-01-595x645.jpg\" alt=\"\" width=\"595\" height=\"645\" srcset=\"https:\/\/radiowebmx.com\/nota\/wp-content\/uploads\/2017\/05\/673-01-595x645.jpg 595w, https:\/\/radiowebmx.com\/nota\/wp-content\/uploads\/2017\/05\/673-01.jpg 709w\" sizes=\"auto, (max-width: 595px) 100vw, 595px\" \/><\/a><\/p>\n<p class=\"x_gmail-xmsonormal\">\n<p class=\"x_gmail-xmsonormal\"><b>Morelia; Michoac\u00e1n, 15 de mayo de 2017.-<\/b> En el marco de la celebraci\u00f3n del D\u00eda Internacional de las Familias, la diputada Nalleli Pedraza Huerta reconoci\u00f3 que son varios los rezagos que a\u00fan son necesarios atender para que en cada familia se pueda alcanzar el bienestar de sus miembros.<\/p>\n<p class=\"x_gmail-xmsonormal\">Pedraza Huerta record\u00f3 que en Michoac\u00e1n el reconocimiento de la diversidad de familias es una realidad, pues se ha dejado atr\u00e1s el convencionalismo sobre la existencia y validez de un solo tipo de familia. \u201cEste logro se ha alcanzado por la voluntad y trabajo del Gobierno del Estado y de esta Legislatura\u201d.<\/p>\n<p class=\"x_gmail-xmsonormal\">Resalt\u00f3 que a\u00f1o con a\u00f1o la Organizaci\u00f3n de las Naciones Unidas (ONU) establece temas espec\u00edficos para celebrar cada d\u00eda 15 de mayo el \u201cD\u00eda Internacional de las Familias\u201d.\u00a0 Al respecto la legisladora se\u00f1al\u00f3 que se trata de Familias y no Familia, porque resulta necesario mandar el mensaje de diversidad e inclusi\u00f3n, pues afortunadamente hemos avanzado en el reconocimiento de la multiplicidad de esquemas de familias.<\/p>\n<p class=\"x_gmail-xmsonormal\">Este a\u00f1o la ONU ha establecido como temas prioritarios resaltar el papel que juegan las familias y las pol\u00edticas orientadas a las familias en el fomento de la educaci\u00f3n y el bienestar de sus miembros, en particular, la educaci\u00f3n infantil y la formaci\u00f3n continua para ni\u00f1os y j\u00f3venes.<\/p>\n<p class=\"x_gmail-xmsonormal\">De acuerdo con la ONU, la celebraci\u00f3n tambi\u00e9n tiene por objetivo reconocer la importancia de la educaci\u00f3n para el desarrollo sostenible y la adopci\u00f3n de estilos de vida sostenibles, los derechos humanos, la igualdad entre los g\u00e9neros, la promoci\u00f3n de una cultura de paz y no violencia, la ciudadan\u00eda mundial y la valoraci\u00f3n de la diversidad cultural y de la contribuci\u00f3n de la cultura al desarrollo sostenible.<\/p>\n<p class=\"x_gmail-xmsonormal\">En este sentido la diputada asever\u00f3 que es desde las familias donde se debe anclar en conjunto de valores incluyentes y democr\u00e1ticos que permitan ir reduciendo los rezagos que a\u00fan persisten en nuestro estado, pues la acci\u00f3n gubernamental sin el acompa\u00f1amiento de las familias, es un ejercicio est\u00e9ril del gobierno.<\/p>\n","protected":false},"excerpt":{"rendered":"<p>Morelia; Michoac\u00e1n, 15 de mayo de 2017.- En el marco de la celebraci\u00f3n del D\u00eda Internacional de las Familias, la diputada Nalleli Pedraza Huerta reconoci\u00f3 que son varios los rezagos que a\u00fan son necesarios atender para que en cada familia se pueda alcanzar el bienestar de sus miembros. Pedraza Huerta record\u00f3 que en Michoac\u00e1n el [&hellip;]<\/p>\n","protected":false},"author":2,"featured_media":35996,"comment_status":"closed","ping_status":"closed","sticky":false,"template":"","format":"standard","meta":{"footnotes":""},"categories":[6,14,19],"tags":[],"class_list":["post-35995","post","type-post","status-publish","format-standard","has-post-thumbnail","hentry","category-congreso-del-estado","category-destacadas","category-grupo-parlamentario-del-prd"],"_links":{"self":[{"href":"https:\/\/radiowebmx.com\/nota\/wp-json\/wp\/v2\/posts\/35995","targetHints":{"allow":["GET"]}}],"collection":[{"href":"https:\/\/radiowebmx.com\/nota\/wp-json\/wp\/v2\/posts"}],"about":[{"href":"https:\/\/radiowebmx.com\/nota\/wp-json\/wp\/v2\/types\/post"}],"author":[{"embeddable":true,"href":"https:\/\/radiowebmx.com\/nota\/wp-json\/wp\/v2\/users\/2"}],"replies":[{"embeddable":true,"href":"https:\/\/radiowebmx.com\/nota\/wp-json\/wp\/v2\/comments?post=35995"}],"version-history":[{"count":1,"href":"https:\/\/radiowebmx.com\/nota\/wp-json\/wp\/v2\/posts\/35995\/revisions"}],"predecessor-version":[{"id":35997,"href":"https:\/\/radiowebmx.com\/nota\/wp-json\/wp\/v2\/posts\/35995\/revisions\/35997"}],"wp:featuredmedia":[{"embeddable":true,"href":"https:\/\/radiowebmx.com\/nota\/wp-json\/wp\/v2\/media\/35996"}],"wp:attachment":[{"href":"https:\/\/radiowebmx.com\/nota\/wp-json\/wp\/v2\/media?parent=35995"}],"wp:term":[{"taxonomy":"category","embeddable":true,"href":"https:\/\/radiowebmx.com\/nota\/wp-json\/wp\/v2\/categories?post=35995"},{"taxonomy":"post_tag","embeddable":true,"href":"https:\/\/radiowebmx.com\/nota\/wp-json\/wp\/v2\/tags?post=35995"}],"curies":[{"name":"wp","href":"https:\/\/api.w.org\/{rel}","templated":true}]}}