{"id":35981,"date":"2017-05-15T23:15:01","date_gmt":"2017-05-16T04:15:01","guid":{"rendered":"https:\/\/radiowebmx.com\/nota\/?p=35981"},"modified":"2017-05-16T11:10:25","modified_gmt":"2017-05-16T16:10:25","slug":"la-sonora-santanera-pone-a-bailar-a-todos-en-el-teatro-del-pueblo","status":"publish","type":"post","link":"https:\/\/radiowebmx.com\/nota\/la-sonora-santanera-pone-a-bailar-a-todos-en-el-teatro-del-pueblo\/","title":{"rendered":"La Sonora Santanera pone a bailar a todos en el Teatro del Pueblo"},"content":{"rendered":"<p><a href=\"https:\/\/radiowebmx.com\/nota\/wp-content\/uploads\/2017\/05\/9c0a2b08-d442-4892-a1b0-5bebfd8f2529.jpg\"><img loading=\"lazy\" decoding=\"async\" class=\"alignnone size-medium wp-image-35982\" src=\"https:\/\/radiowebmx.com\/nota\/wp-content\/uploads\/2017\/05\/9c0a2b08-d442-4892-a1b0-5bebfd8f2529-595x396.jpg\" alt=\"\" width=\"595\" height=\"396\" srcset=\"https:\/\/radiowebmx.com\/nota\/wp-content\/uploads\/2017\/05\/9c0a2b08-d442-4892-a1b0-5bebfd8f2529-595x396.jpg 595w, https:\/\/radiowebmx.com\/nota\/wp-content\/uploads\/2017\/05\/9c0a2b08-d442-4892-a1b0-5bebfd8f2529.jpg 709w\" sizes=\"auto, (max-width: 595px) 100vw, 595px\" \/><\/a><\/p>\n<p>&nbsp;<\/p>\n<p><strong>Morelia, Michoac\u00e1n, a 15 de mayo de 2017<\/strong>.- La Expo Fiesta Michoac\u00e1n contin\u00faa con \u00e9xito, y esta noche La Original Sonora Santanera del tabasque\u00f1o Carlos Colorado se present\u00f3 en el Teatro del Pueblo, donde ya los esperaban miles de personas que desde temprana hora comenzaron a llegar al Recinto Ferial.<\/p>\n<p>&nbsp;<\/p>\n<p>Fue en punto de las 21:40 horas cuando la agrupaci\u00f3n musical de danz\u00f3n y mambo puso a bailar a todos sus fans al ritmo de\u00a0 &#8220;La boa&#8221;, &#8220;Perfume de gardenias&#8221;, &#8220;Luces de New York&#8221;, &#8220;Congoja&#8221;, entre otros temas.<\/p>\n<p>&nbsp;<\/p>\n<p>Los integrantes de la agrupaci\u00f3n aseguraron que el \u00e9xito de La Sonora Santanera se basa en mantener la esencia del maestro Carlos Colorado, quien utilizaba letras basadas en la vida diaria del mexicano.<\/p>\n<p>&nbsp;<\/p>\n<p>Cabe recordar que todos los conciertos en el Teatro del Pueblo son gratuitos al adquirir el boleto de acceso al Recinto Ferial, cuyo costo es de 40 pesos.<\/p>\n<p>&nbsp;<\/p>\n<p>Adem\u00e1s, las y los ni\u00f1os menores de un metro de estatura, los adultos mayores de edad presentando su credencial del INAPAM, y todas las personas con alguna discapacidad entran completamente gratis todos los d\u00edas.<\/p>\n<p>&nbsp;<\/p>\n<p>La informaci\u00f3n oficial sobre la Expo Fiesta Michoac\u00e1n 2017 s\u00f3lo es difundida en el portal de Internet http:\/\/www.expofiestamichoacan.mx\/, en el Twitter @ExpoFiestaMich y en el perfil de Facebook www.facebook.com\/ExpofiestaMich<\/p>\n","protected":false},"excerpt":{"rendered":"<p>&nbsp; Morelia, Michoac\u00e1n, a 15 de mayo de 2017.- La Expo Fiesta Michoac\u00e1n contin\u00faa con \u00e9xito, y esta noche La Original Sonora Santanera del tabasque\u00f1o Carlos Colorado se present\u00f3 en el Teatro del Pueblo, donde ya los esperaban miles de personas que desde temprana hora comenzaron a llegar al Recinto Ferial. &nbsp; Fue en punto [&hellip;]<\/p>\n","protected":false},"author":2,"featured_media":35982,"comment_status":"closed","ping_status":"closed","sticky":false,"template":"","format":"standard","meta":{"footnotes":""},"categories":[14,3],"tags":[],"class_list":["post-35981","post","type-post","status-publish","format-standard","has-post-thumbnail","hentry","category-destacadas","category-gobierno-del-estado-de-michoacan"],"_links":{"self":[{"href":"https:\/\/radiowebmx.com\/nota\/wp-json\/wp\/v2\/posts\/35981","targetHints":{"allow":["GET"]}}],"collection":[{"href":"https:\/\/radiowebmx.com\/nota\/wp-json\/wp\/v2\/posts"}],"about":[{"href":"https:\/\/radiowebmx.com\/nota\/wp-json\/wp\/v2\/types\/post"}],"author":[{"embeddable":true,"href":"https:\/\/radiowebmx.com\/nota\/wp-json\/wp\/v2\/users\/2"}],"replies":[{"embeddable":true,"href":"https:\/\/radiowebmx.com\/nota\/wp-json\/wp\/v2\/comments?post=35981"}],"version-history":[{"count":1,"href":"https:\/\/radiowebmx.com\/nota\/wp-json\/wp\/v2\/posts\/35981\/revisions"}],"predecessor-version":[{"id":35983,"href":"https:\/\/radiowebmx.com\/nota\/wp-json\/wp\/v2\/posts\/35981\/revisions\/35983"}],"wp:featuredmedia":[{"embeddable":true,"href":"https:\/\/radiowebmx.com\/nota\/wp-json\/wp\/v2\/media\/35982"}],"wp:attachment":[{"href":"https:\/\/radiowebmx.com\/nota\/wp-json\/wp\/v2\/media?parent=35981"}],"wp:term":[{"taxonomy":"category","embeddable":true,"href":"https:\/\/radiowebmx.com\/nota\/wp-json\/wp\/v2\/categories?post=35981"},{"taxonomy":"post_tag","embeddable":true,"href":"https:\/\/radiowebmx.com\/nota\/wp-json\/wp\/v2\/tags?post=35981"}],"curies":[{"name":"wp","href":"https:\/\/api.w.org\/{rel}","templated":true}]}}