{"id":35972,"date":"2017-05-15T20:27:37","date_gmt":"2017-05-16T01:27:37","guid":{"rendered":"https:\/\/radiowebmx.com\/nota\/?p=35972"},"modified":"2017-05-16T10:43:20","modified_gmt":"2017-05-16T15:43:20","slug":"convenio-sedesol-instituto-tecnologico-potencia-exito-de-empresas-sociales","status":"publish","type":"post","link":"https:\/\/radiowebmx.com\/nota\/convenio-sedesol-instituto-tecnologico-potencia-exito-de-empresas-sociales\/","title":{"rendered":"Convenio SEDESOL \u2013 Instituto Tecnol\u00f3gico potencia \u00e9xito de empresas sociales"},"content":{"rendered":"<div class=\"x_gmail_quote\">\n<div dir=\"ltr\">\n<p class=\"x_MsoNormal\"><a href=\"https:\/\/radiowebmx.com\/nota\/wp-content\/uploads\/2017\/05\/20170515094402_IMG_9242.jpg\"><img loading=\"lazy\" decoding=\"async\" class=\"alignnone size-medium wp-image-35973\" src=\"https:\/\/radiowebmx.com\/nota\/wp-content\/uploads\/2017\/05\/20170515094402_IMG_9242-595x396.jpg\" alt=\"\" width=\"595\" height=\"396\" srcset=\"https:\/\/radiowebmx.com\/nota\/wp-content\/uploads\/2017\/05\/20170515094402_IMG_9242-595x396.jpg 595w, https:\/\/radiowebmx.com\/nota\/wp-content\/uploads\/2017\/05\/20170515094402_IMG_9242.jpg 709w\" sizes=\"auto, (max-width: 595px) 100vw, 595px\" \/><\/a><\/p>\n<p class=\"x_MsoNormal\">\n<p class=\"x_MsoNormal\">Morelia Mich. a 15 de mayo del 2017.- Gracias al trabajo coordinado entre la SEDESOL y los Institutos Tecnol\u00f3gicos del estado de Michoac\u00e1n, se han logrado fortalecer los programas sociales de la dependencia dirigidos a la generaci\u00f3n de ingresos de las personas en situaci\u00f3n de pobreza a trav\u00e9s de la formulaci\u00f3n, asesor\u00eda y acompa\u00f1amiento t\u00e9cnico, elementos que fortalecen la viabilidad de los proyectos que impulsa el Programa de Fomento a la Econom\u00eda Social.<\/p>\n<p class=\"x_MsoNormal\">Fueron las palabras del delegado de la Sedesol Ger\u00f3nimo Color Gasca, durante la firma del convenio que signa el Gobierno de la Rep\u00fablica con el Instituto Tecnol\u00f3gico Superior de Puru\u00e1ndiro. \u201cCon ello se busca romper inercias para que la poblaci\u00f3n de escasos recursos pueda acceder a asesor\u00eda especializada sin costo alguno\u201d.<\/p>\n<p class=\"x_MsoNormal\">Para la Sedesol es fundamental que el sector acad\u00e9mico se involucre y conozca las reglas de operaci\u00f3n de los programas sociales con la finalidad de que los proyectos se socialicen y lleguen a las personas que realmente lo necesitan en las diferentes regiones del Estado, para qu\u00e9 desde su concepci\u00f3n cuenten con viabilidad para que se garantice el \u00e9xito de la inversi\u00f3n p\u00fablica, se\u00f1al\u00f3 Color Gasca.<\/p>\n<p class=\"x_MsoNormal\">Con el objetivo de mejorar y fomentar los ingresos de las personas en situaci\u00f3n de pobreza mediante la inclusi\u00f3n productiva y financiera en el Sector Social de la Econom\u00eda, la Delegaci\u00f3n de la Secretaria Desarrollo Social en Michoac\u00e1n sign\u00f3 Convenio a trav\u00e9s del cual el Instituto Tecnol\u00f3gico Superior de Puru\u00e1ndiro apoye en a los beneficiarios en la formulaci\u00f3n de los proyectos productivos.<\/p>\n<p class=\"x_MsoNormal\">El ITESP cuenta con la carrera en Desarrollo Regional, ha trabajado en el diagn\u00f3stico de diversas localidades para el desarrollo social de la zona del baj\u00edo y que se han impulsado a nivel estatal como es el caso de la producci\u00f3n de bio-gas a partir del nopal. \u201cA trav\u00e9s de proyectos de investigaci\u00f3n y seguimiento se motiva a la comunidad acad\u00e9mica a conocer la realidad del trabajo de campo y lo que se vive en las comunidades\u201d, indic\u00f3 Jorge Zamora Maga\u00f1a, director general de la instituci\u00f3n educativa.<\/p>\n<p class=\"x_MsoNormal\">Para los Institutos Tecnol\u00f3gicos es prioritario contribuir al desarrollo de las regiones de nuestro estado e implica para alumnos y docentes llegar a donde tenemos que llegar, agreg\u00f3 el director.<\/p>\n<p class=\"x_MsoNormal\">Posteriormente ambas dependencias colaboran en la capacitaci\u00f3n y asistencia t\u00e9cnica y acompa\u00f1amiento a los grupos que se han constituido.<\/p>\n<\/div>\n<\/div>\n","protected":false},"excerpt":{"rendered":"<p>Morelia Mich. a 15 de mayo del 2017.- Gracias al trabajo coordinado entre la SEDESOL y los Institutos Tecnol\u00f3gicos del estado de Michoac\u00e1n, se han logrado fortalecer los programas sociales de la dependencia dirigidos a la generaci\u00f3n de ingresos de las personas en situaci\u00f3n de pobreza a trav\u00e9s de la formulaci\u00f3n, asesor\u00eda y acompa\u00f1amiento t\u00e9cnico, [&hellip;]<\/p>\n","protected":false},"author":2,"featured_media":35973,"comment_status":"closed","ping_status":"closed","sticky":false,"template":"","format":"standard","meta":{"footnotes":""},"categories":[14,3],"tags":[],"class_list":["post-35972","post","type-post","status-publish","format-standard","has-post-thumbnail","hentry","category-destacadas","category-gobierno-del-estado-de-michoacan"],"_links":{"self":[{"href":"https:\/\/radiowebmx.com\/nota\/wp-json\/wp\/v2\/posts\/35972","targetHints":{"allow":["GET"]}}],"collection":[{"href":"https:\/\/radiowebmx.com\/nota\/wp-json\/wp\/v2\/posts"}],"about":[{"href":"https:\/\/radiowebmx.com\/nota\/wp-json\/wp\/v2\/types\/post"}],"author":[{"embeddable":true,"href":"https:\/\/radiowebmx.com\/nota\/wp-json\/wp\/v2\/users\/2"}],"replies":[{"embeddable":true,"href":"https:\/\/radiowebmx.com\/nota\/wp-json\/wp\/v2\/comments?post=35972"}],"version-history":[{"count":1,"href":"https:\/\/radiowebmx.com\/nota\/wp-json\/wp\/v2\/posts\/35972\/revisions"}],"predecessor-version":[{"id":35974,"href":"https:\/\/radiowebmx.com\/nota\/wp-json\/wp\/v2\/posts\/35972\/revisions\/35974"}],"wp:featuredmedia":[{"embeddable":true,"href":"https:\/\/radiowebmx.com\/nota\/wp-json\/wp\/v2\/media\/35973"}],"wp:attachment":[{"href":"https:\/\/radiowebmx.com\/nota\/wp-json\/wp\/v2\/media?parent=35972"}],"wp:term":[{"taxonomy":"category","embeddable":true,"href":"https:\/\/radiowebmx.com\/nota\/wp-json\/wp\/v2\/categories?post=35972"},{"taxonomy":"post_tag","embeddable":true,"href":"https:\/\/radiowebmx.com\/nota\/wp-json\/wp\/v2\/tags?post=35972"}],"curies":[{"name":"wp","href":"https:\/\/api.w.org\/{rel}","templated":true}]}}