{"id":35969,"date":"2017-05-15T19:23:39","date_gmt":"2017-05-16T00:23:39","guid":{"rendered":"https:\/\/radiowebmx.com\/nota\/?p=35969"},"modified":"2017-05-16T10:37:24","modified_gmt":"2017-05-16T15:37:24","slug":"reconoce-telebachillerato-michoacan-excelente-de-uno-de-sus-docentes","status":"publish","type":"post","link":"https:\/\/radiowebmx.com\/nota\/reconoce-telebachillerato-michoacan-excelente-de-uno-de-sus-docentes\/","title":{"rendered":"Reconoce Telebachillerato Michoac\u00e1n excelente de uno de sus docentes"},"content":{"rendered":"<p><a href=\"https:\/\/radiowebmx.com\/nota\/wp-content\/uploads\/2017\/05\/19412261-4555-44ac-94a1-f8a50f557d31.jpeg\"><img loading=\"lazy\" decoding=\"async\" class=\"alignnone size-medium wp-image-35970\" src=\"https:\/\/radiowebmx.com\/nota\/wp-content\/uploads\/2017\/05\/19412261-4555-44ac-94a1-f8a50f557d31-595x396.jpeg\" alt=\"\" width=\"595\" height=\"396\" srcset=\"https:\/\/radiowebmx.com\/nota\/wp-content\/uploads\/2017\/05\/19412261-4555-44ac-94a1-f8a50f557d31-595x396.jpeg 595w, https:\/\/radiowebmx.com\/nota\/wp-content\/uploads\/2017\/05\/19412261-4555-44ac-94a1-f8a50f557d31.jpeg 709w\" sizes=\"auto, (max-width: 595px) 100vw, 595px\" \/><\/a><\/p>\n<p>&nbsp;<\/p>\n<p><strong>Morelia, Michoac\u00e1n, a 15 de mayo de 2017.-<\/strong>\u00a0En el marco de la celebraci\u00f3n del D\u00eda del Maestro, el Telebachillerato Michoac\u00e1n reconoci\u00f3 al docente Javier L\u00f3pez Rosas, el \u00fanico que obtuvo nivel de excelencia en la evaluaci\u00f3n docente de subsistemas de media superior a nivel estatal.<\/p>\n<p>Javier L\u00f3pez Rosas es originario de L\u00e1zaro C\u00e1rdenas. Estudi\u00f3 la carrera de Lengua y Literaturas Hisp\u00e1nicas en la Universidad Michoacana de San Nicol\u00e1s de Hidalgo, donde logr\u00f3 uno de los mejores promedios y se gradu\u00f3 con honores en el 2008. Es maestro en Docencia en Ciencias Sociales por el Instituto Michoacano de Ciencias de la Educaci\u00f3n y en Educaci\u00f3n Media Superior por la Universidad Nacional Aut\u00f3noma de M\u00e9xico.<\/p>\n<p>Al respecto, el director general del Telebachillerato, Juan Carlos Barrag\u00e1n V\u00e9lez, resalt\u00f3 la importancia de que la instituci\u00f3n reconozca a Javier L\u00f3pez Rosas, quien es asesor y coordinador del Centro 76, en la localidad de El Sobrado.<\/p>\n<p>\u201cEs un orgullo para la instituci\u00f3n contar con personal tan preparado, lo que coadyuva en el crecimiento acad\u00e9mico de los alumnos\u201d, resalt\u00f3 el funcionario estatal.<\/p>\n<p>Reconoci\u00f3 la labor docente de todos los asesores de la instituci\u00f3n, quienes son parte fundamental en la transici\u00f3n del subsistema, adem\u00e1s de su entrega y profesionalismo, porque d\u00eda a d\u00eda educan para desarrollar las capacidades de los alumnos.<\/p>\n","protected":false},"excerpt":{"rendered":"<p>&nbsp; Morelia, Michoac\u00e1n, a 15 de mayo de 2017.-\u00a0En el marco de la celebraci\u00f3n del D\u00eda del Maestro, el Telebachillerato Michoac\u00e1n reconoci\u00f3 al docente Javier L\u00f3pez Rosas, el \u00fanico que obtuvo nivel de excelencia en la evaluaci\u00f3n docente de subsistemas de media superior a nivel estatal. Javier L\u00f3pez Rosas es originario de L\u00e1zaro C\u00e1rdenas. Estudi\u00f3 [&hellip;]<\/p>\n","protected":false},"author":2,"featured_media":35970,"comment_status":"closed","ping_status":"closed","sticky":false,"template":"","format":"standard","meta":{"footnotes":""},"categories":[14,3],"tags":[],"class_list":["post-35969","post","type-post","status-publish","format-standard","has-post-thumbnail","hentry","category-destacadas","category-gobierno-del-estado-de-michoacan"],"_links":{"self":[{"href":"https:\/\/radiowebmx.com\/nota\/wp-json\/wp\/v2\/posts\/35969","targetHints":{"allow":["GET"]}}],"collection":[{"href":"https:\/\/radiowebmx.com\/nota\/wp-json\/wp\/v2\/posts"}],"about":[{"href":"https:\/\/radiowebmx.com\/nota\/wp-json\/wp\/v2\/types\/post"}],"author":[{"embeddable":true,"href":"https:\/\/radiowebmx.com\/nota\/wp-json\/wp\/v2\/users\/2"}],"replies":[{"embeddable":true,"href":"https:\/\/radiowebmx.com\/nota\/wp-json\/wp\/v2\/comments?post=35969"}],"version-history":[{"count":1,"href":"https:\/\/radiowebmx.com\/nota\/wp-json\/wp\/v2\/posts\/35969\/revisions"}],"predecessor-version":[{"id":35971,"href":"https:\/\/radiowebmx.com\/nota\/wp-json\/wp\/v2\/posts\/35969\/revisions\/35971"}],"wp:featuredmedia":[{"embeddable":true,"href":"https:\/\/radiowebmx.com\/nota\/wp-json\/wp\/v2\/media\/35970"}],"wp:attachment":[{"href":"https:\/\/radiowebmx.com\/nota\/wp-json\/wp\/v2\/media?parent=35969"}],"wp:term":[{"taxonomy":"category","embeddable":true,"href":"https:\/\/radiowebmx.com\/nota\/wp-json\/wp\/v2\/categories?post=35969"},{"taxonomy":"post_tag","embeddable":true,"href":"https:\/\/radiowebmx.com\/nota\/wp-json\/wp\/v2\/tags?post=35969"}],"curies":[{"name":"wp","href":"https:\/\/api.w.org\/{rel}","templated":true}]}}