{"id":35963,"date":"2017-05-15T16:49:28","date_gmt":"2017-05-15T21:49:28","guid":{"rendered":"https:\/\/radiowebmx.com\/nota\/?p=35963"},"modified":"2017-05-16T10:31:33","modified_gmt":"2017-05-16T15:31:33","slug":"archivo-historico-municipal-de-morelia-sera-sede-del-seminario-de-investigacion-carlos-herrejon-peredo","status":"publish","type":"post","link":"https:\/\/radiowebmx.com\/nota\/archivo-historico-municipal-de-morelia-sera-sede-del-seminario-de-investigacion-carlos-herrejon-peredo\/","title":{"rendered":"Archivo Hist\u00f3rico Municipal de Morelia ser\u00e1 sede del Seminario de Investigaci\u00f3n \u201cCarlos Herrej\u00f3n Peredo\u201d"},"content":{"rendered":"<p><a href=\"https:\/\/radiowebmx.com\/nota\/wp-content\/uploads\/2017\/05\/fb952065-b14a-461e-82ce-76b67227812b.jpg\"><img loading=\"lazy\" decoding=\"async\" class=\"alignnone size-medium wp-image-35964\" src=\"https:\/\/radiowebmx.com\/nota\/wp-content\/uploads\/2017\/05\/fb952065-b14a-461e-82ce-76b67227812b-595x394.jpg\" alt=\"\" width=\"595\" height=\"394\" srcset=\"https:\/\/radiowebmx.com\/nota\/wp-content\/uploads\/2017\/05\/fb952065-b14a-461e-82ce-76b67227812b-595x394.jpg 595w, https:\/\/radiowebmx.com\/nota\/wp-content\/uploads\/2017\/05\/fb952065-b14a-461e-82ce-76b67227812b.jpg 709w\" sizes=\"auto, (max-width: 595px) 100vw, 595px\" \/><\/a><\/p>\n<p>&nbsp;<\/p>\n<p>Para difundir el trabajo acad\u00e9mico sobre diferentes fen\u00f3menos sociales presentes en el municipio y la entidad, el Ayuntamiento de Morelia a trav\u00e9s del Archivo Hist\u00f3rico anunci\u00f3 la realizaci\u00f3n de diferentes conferencias en el marco del Seminario de Investigaci\u00f3n \u201cCarlos Herrej\u00f3n Peredo\u201d, que se realizar\u00e1 en las instalaciones de la dependencia municipal el 16 y 17 de mayo a partir de las 17:00 horas, en ambos d\u00edas.<\/p>\n<p>El Director de Asuntos Interinstitucionales y de Cabildo, Germ\u00e1n Mart\u00ednez Ramos, destac\u00f3 que una de las labores principales en esta actividad ser\u00e1 el dar un panorama a la sociedad moreliana de su pasado hist\u00f3rico.<\/p>\n<p>En este sentido, en el programa se abordar\u00e1n por temas; mesa 1: Aproximaciones m\u00faltiples sobre el territorio michoacano con Do\u00f1a Gertrudis Bocanegra \u00bfMujer humilde o dama de sociedad?; El desarrollo minero de la regi\u00f3n de Tlalpujahua; mesa 2: Presentaci\u00f3n del libro \u201cInstituciones de fomento, estructura industrial empresarios en la econom\u00eda de Morelia 1910-1950\u201d de Abel Padilla Jacobo, todo el martes 16 de mayo.<\/p>\n<p>Mientras que el mi\u00e9rcoles\u00a0 17 de mayo se tendr\u00e1 mesa 3: Pol\u00edtica y sociedad en Valladolid-Morelia, Siglo XVIII-XIX con la profesionalizaci\u00f3n de la farmacia en la ciudad de Valladolid-Morelia; Los oficios en la ciudad de Valladolid-Morelia, administraci\u00f3n y servicios urbanos en el siglo XIX y el lenguaje historicista y su tard\u00eda incorporaci\u00f3n en las casas morelianas.<\/p>\n<p>De esta forma el Ayuntamiento de Morelia se adiciona a la difusi\u00f3n de la investigaci\u00f3n que promueve y pone al alcance de la ciudadan\u00eda, con eventos abiertos al p\u00fablico de manera gratuita.<\/p>\n","protected":false},"excerpt":{"rendered":"<p>&nbsp; Para difundir el trabajo acad\u00e9mico sobre diferentes fen\u00f3menos sociales presentes en el municipio y la entidad, el Ayuntamiento de Morelia a trav\u00e9s del Archivo Hist\u00f3rico anunci\u00f3 la realizaci\u00f3n de diferentes conferencias en el marco del Seminario de Investigaci\u00f3n \u201cCarlos Herrej\u00f3n Peredo\u201d, que se realizar\u00e1 en las instalaciones de la dependencia municipal el 16 y [&hellip;]<\/p>\n","protected":false},"author":2,"featured_media":35964,"comment_status":"closed","ping_status":"closed","sticky":false,"template":"","format":"standard","meta":{"footnotes":""},"categories":[14,9],"tags":[],"class_list":["post-35963","post","type-post","status-publish","format-standard","has-post-thumbnail","hentry","category-destacadas","category-morelia"],"_links":{"self":[{"href":"https:\/\/radiowebmx.com\/nota\/wp-json\/wp\/v2\/posts\/35963","targetHints":{"allow":["GET"]}}],"collection":[{"href":"https:\/\/radiowebmx.com\/nota\/wp-json\/wp\/v2\/posts"}],"about":[{"href":"https:\/\/radiowebmx.com\/nota\/wp-json\/wp\/v2\/types\/post"}],"author":[{"embeddable":true,"href":"https:\/\/radiowebmx.com\/nota\/wp-json\/wp\/v2\/users\/2"}],"replies":[{"embeddable":true,"href":"https:\/\/radiowebmx.com\/nota\/wp-json\/wp\/v2\/comments?post=35963"}],"version-history":[{"count":1,"href":"https:\/\/radiowebmx.com\/nota\/wp-json\/wp\/v2\/posts\/35963\/revisions"}],"predecessor-version":[{"id":35965,"href":"https:\/\/radiowebmx.com\/nota\/wp-json\/wp\/v2\/posts\/35963\/revisions\/35965"}],"wp:featuredmedia":[{"embeddable":true,"href":"https:\/\/radiowebmx.com\/nota\/wp-json\/wp\/v2\/media\/35964"}],"wp:attachment":[{"href":"https:\/\/radiowebmx.com\/nota\/wp-json\/wp\/v2\/media?parent=35963"}],"wp:term":[{"taxonomy":"category","embeddable":true,"href":"https:\/\/radiowebmx.com\/nota\/wp-json\/wp\/v2\/categories?post=35963"},{"taxonomy":"post_tag","embeddable":true,"href":"https:\/\/radiowebmx.com\/nota\/wp-json\/wp\/v2\/tags?post=35963"}],"curies":[{"name":"wp","href":"https:\/\/api.w.org\/{rel}","templated":true}]}}