{"id":35947,"date":"2017-05-15T14:58:41","date_gmt":"2017-05-15T19:58:41","guid":{"rendered":"https:\/\/radiowebmx.com\/nota\/?p=35947"},"modified":"2017-05-15T14:58:41","modified_gmt":"2017-05-15T19:58:41","slug":"morelia-lista-para-celebrar-en-grande-el-476-aniversario-de-su-fundacion","status":"publish","type":"post","link":"https:\/\/radiowebmx.com\/nota\/morelia-lista-para-celebrar-en-grande-el-476-aniversario-de-su-fundacion\/","title":{"rendered":"Morelia, lista para celebrar en grande el 476 Aniversario de su Fundaci\u00f3n"},"content":{"rendered":"<p><a href=\"https:\/\/radiowebmx.com\/nota\/wp-content\/uploads\/2017\/05\/f6b1fbf9-79d8-425e-b2e0-18484569f12c.jpeg\"><img loading=\"lazy\" decoding=\"async\" class=\"alignnone size-medium wp-image-35948\" src=\"https:\/\/radiowebmx.com\/nota\/wp-content\/uploads\/2017\/05\/f6b1fbf9-79d8-425e-b2e0-18484569f12c-595x396.jpeg\" alt=\"\" width=\"595\" height=\"396\" srcset=\"https:\/\/radiowebmx.com\/nota\/wp-content\/uploads\/2017\/05\/f6b1fbf9-79d8-425e-b2e0-18484569f12c-595x396.jpeg 595w, https:\/\/radiowebmx.com\/nota\/wp-content\/uploads\/2017\/05\/f6b1fbf9-79d8-425e-b2e0-18484569f12c.jpeg 709w\" sizes=\"auto, (max-width: 595px) 100vw, 595px\" \/><\/a><\/p>\n<p>&nbsp;<\/p>\n<p>Morelia se vestir\u00e1 de gala y cultura en el marco del 476 Aniversario de su Fundaci\u00f3n, el pr\u00f3ximo 18 de mayo del a\u00f1o en curso, donde destaca la presentaci\u00f3n p\u00fablica del tenor mexicano de talla internacional Fernando de la Mora y cuyo evento macro colocar\u00e1 de nueva cuenta a la capital del estado en el contexto nacional e internacional, subray\u00f3 el Presidente Municipal, Alfonso Mart\u00ednez Alc\u00e1zar.<\/p>\n<p>En rueda de prensa, en la que estuvo acompa\u00f1ado de la Secretaria de Turismo, Thelma Aquique Arrieta; el Secretario de Cultura, Miguel Salm\u00f3n del Real; el Gerente del Patrimonio Cultural, Gaspar Hern\u00e1ndez Razo; el Secretario de Servicios P\u00fablicos Municipales, Jos\u00e9 Luis Gil V\u00e1zquez; as\u00ed como el Comisario de la Polic\u00eda de Morelia, Felipe Gonz\u00e1lez Carmona, el Alcalde, enfatiz\u00f3 que el objetivo es posicionar a la ciudad como uno de los principales destinos culturales del pa\u00eds.<\/p>\n<p>\u201cLa intenci\u00f3n es que Morelia sea una ciudad m\u00e1s cultural, que transpire los eventos art\u00edsticos; queremos enriquecer la festividad de su Aniversario con un inigualable repertorio en el que todos los morelianos y turistas disfrutemos de las plazas p\u00fablicas y nuestro bello Centro Hist\u00f3rico en un ambiente de seguridad y familiar\u201d, afirm\u00f3.<\/p>\n<p>Mart\u00ednez Alc\u00e1zar, puntualiz\u00f3 que la celebraci\u00f3n iniciar\u00e1 desde las 8:00 horas con la entrega de la \u201cCondecoraci\u00f3n Presea General\u00edsimo Morelos 2017\u201d a la Universidad Michoacana de San Nicol\u00e1s de Hidalgo (UMSNH), que tendr\u00e1 lugar en la Plaza Jard\u00edn Morelos; posteriormente las actividades culturales arrancar\u00e1n en el primer cuadro de la ciudad, sobre la Avenida Madero (del lado de la calle Morelos) con un Concierto de Tunas, para despu\u00e9s dar paso a las 19:45 horas, a la Agrupaci\u00f3n Isla Janitzio.<\/p>\n<p>Inform\u00f3 que a las 20:30 horas, se llevar\u00e1 a cabo el evento macro, con la presentaci\u00f3n de Fernando de la Mora, de quien resalt\u00f3 que su presencia esc\u00e9nica e inigualable carisma, hacen del cantautor mexicano un artista inigualable de opera a nivel mundial, cuya discograf\u00eda se compone por 32 producciones, que abarcan un extenso repertorio de m\u00fasica cl\u00e1sica, as\u00ed como del mariachi y que ha hecho actuaciones en los escenarios m\u00e1s importantes del mundo como en Nueva York, en Viena, Barcelona, Mosc\u00fa, Berl\u00edn, Mil\u00e1n, San Diego, Jap\u00f3n, Estocolmo, Caracas, Bogot\u00e1 y Corea.<\/p>\n<p>A las 21:30 horas, har\u00e1 uso del escenario el Mariachi Gama1000 y acto seguido regresar\u00e1 Fernando de la Mora para cantar al son del Mariachi; finalmente a las 23:00 horas se llevar\u00e1 cabo un Encendido de Catedral Especial, con pirotecnia; por lo que conmin\u00f3 a los morelianos y visitantes a ser parte de esta magna celebraci\u00f3n.<\/p>\n<p>En su oportunidad, Thelma Aquique, hizo hincapi\u00e9 en que este evento en el que se esperan m\u00e1s de 10 mil personas, de nueva cuenta posicionar\u00e1 a Morelia en un contexto nacional e internacional, reactivando adem\u00e1s las plazas y el Centro Hist\u00f3rico con eventos art\u00edsticos y culturales gratuitos.<\/p>\n<p>Refiri\u00f3 que habr\u00e1 espacios para personas con discapacidad y de la tercera edad, para que disfruten con mayor seguridad de este gran espect\u00e1culo y precis\u00f3 que toda la informaci\u00f3n estar\u00e1 en la p\u00e1gina de turismo <a href=\"http:\/\/gob.us11.list-manage.com\/track\/click?u=4006ac058ed166735585eb757&amp;id=df0a97c259&amp;e=fbc79edfe0\" target=\"_blank\" rel=\"noopener noreferrer\">www.experienciamorelia.mx<\/a>.<\/p>\n<p>Por su parte, el Gerente del Patrimonio Cultural, record\u00f3 que como actividad complementaria se lleva a cabo el Primer Festival del Centro Hist\u00f3rico de Morelia, que inici\u00f3 el 15 de este mes y terminar\u00e1 el 21 de mayo, el cual contempla 115 actividades en 12 espacios p\u00fablicos que ser\u00e1n vestidos de arte y danza; asimismo, agreg\u00f3, en este marco, se realizar\u00e1 el V Congreso Internacional de Centros Hist\u00f3ricos, del 18 y 19 de mayo, con la participaci\u00f3n de 20 ciudades nacionales e internacionales.<\/p>\n<p>Jos\u00e9 Luis V\u00e1zquez, indic\u00f3 que por parte de la Secretar\u00eda de Servicios P\u00fablicos, todas las direcciones trabajar\u00e1n previo y despu\u00e9s del evento gala del 18 de mayo; indic\u00f3 que personal de Imagen Urbana ya reforz\u00f3 la vestimenta de las plazas p\u00fablicas de la ciudad con flores ornamentales alusivas a los colores de la ciudad (amarillo y rojo); en tanto Residuos S\u00f3lidos tiene preparado un operativo de limpieza previo y posterior a la festividad y verbena popular, de tal forma que luzca \u201cradiante\u201d la ciudad el 19 del mes en curso.<\/p>\n<p>Especific\u00f3 tambi\u00e9n que por parte de la Direcci\u00f3n de Mercados y tal como est\u00e1 establecido en la normatividad en la materia, en la Verbena Popular, se autorizar\u00e1n 53 tolerancias para comerciantes con diversos giros.<\/p>\n<p>Al hacer uso del voz, el Comisario, Felipe Gonz\u00e1lez, detall\u00f3 que el operativo vial iniciar\u00e1 a partir del 17 de mayo a las 22:00 con el cierre a la circulaci\u00f3n de la siguiente manera: al oriente, Avenida Madrero Oriente y Pino Su\u00e1rez; al poniente, Avenida Madero Poniente y la calle Galeana; al norte, Avenida Morelos y calle Ocampo y Aquiles Serd\u00e1n, y lado Sur, Allende y Abasolo.<\/p>\n<p>Explic\u00f3 que para garantizar la seguridad de los asistentes, habr\u00e1 la presencia 161 polic\u00edas, 4 m\u00e1s operativos, 10 patrullas, 40 moto patrullas, 4 gr\u00faas, 4 camiones para el transporte del personal, y 3 torres de vigilancia que estar\u00e1n puestas en lugares estrat\u00e9gicos; \u201cestaremos muy atentos y alertas para que todo se lleve a cabo en paz y calma y velando por la seguridad de los presentes, mientras que tambi\u00e9n habr\u00e1 presencia policial en las inmediaciones y en toda la ciudad\u201d, asegur\u00f3.<\/p>\n<p>Posterior a la rueda de prensa, el Presidente Municipal, en compa\u00f1\u00eda de los funcionarios municipales, devel\u00f3 la c\u00e9dula de informaci\u00f3n tur\u00edstica en el Jard\u00edn de Las Rosas, donde puntualiz\u00f3 que son 58 las que est\u00e1n colocadas en los sitios emblem\u00e1ticos del primer cuadro de la ciudad; de las cuales 41 c\u00e9dulas contienen los recorridos, y 17 son de car\u00e1cter informativo.<\/p>\n","protected":false},"excerpt":{"rendered":"<p>&nbsp; Morelia se vestir\u00e1 de gala y cultura en el marco del 476 Aniversario de su Fundaci\u00f3n, el pr\u00f3ximo 18 de mayo del a\u00f1o en curso, donde destaca la presentaci\u00f3n p\u00fablica del tenor mexicano de talla internacional Fernando de la Mora y cuyo evento macro colocar\u00e1 de nueva cuenta a la capital del estado en [&hellip;]<\/p>\n","protected":false},"author":2,"featured_media":35948,"comment_status":"closed","ping_status":"closed","sticky":false,"template":"","format":"standard","meta":{"footnotes":""},"categories":[14,9],"tags":[],"class_list":["post-35947","post","type-post","status-publish","format-standard","has-post-thumbnail","hentry","category-destacadas","category-morelia"],"_links":{"self":[{"href":"https:\/\/radiowebmx.com\/nota\/wp-json\/wp\/v2\/posts\/35947","targetHints":{"allow":["GET"]}}],"collection":[{"href":"https:\/\/radiowebmx.com\/nota\/wp-json\/wp\/v2\/posts"}],"about":[{"href":"https:\/\/radiowebmx.com\/nota\/wp-json\/wp\/v2\/types\/post"}],"author":[{"embeddable":true,"href":"https:\/\/radiowebmx.com\/nota\/wp-json\/wp\/v2\/users\/2"}],"replies":[{"embeddable":true,"href":"https:\/\/radiowebmx.com\/nota\/wp-json\/wp\/v2\/comments?post=35947"}],"version-history":[{"count":1,"href":"https:\/\/radiowebmx.com\/nota\/wp-json\/wp\/v2\/posts\/35947\/revisions"}],"predecessor-version":[{"id":35949,"href":"https:\/\/radiowebmx.com\/nota\/wp-json\/wp\/v2\/posts\/35947\/revisions\/35949"}],"wp:featuredmedia":[{"embeddable":true,"href":"https:\/\/radiowebmx.com\/nota\/wp-json\/wp\/v2\/media\/35948"}],"wp:attachment":[{"href":"https:\/\/radiowebmx.com\/nota\/wp-json\/wp\/v2\/media?parent=35947"}],"wp:term":[{"taxonomy":"category","embeddable":true,"href":"https:\/\/radiowebmx.com\/nota\/wp-json\/wp\/v2\/categories?post=35947"},{"taxonomy":"post_tag","embeddable":true,"href":"https:\/\/radiowebmx.com\/nota\/wp-json\/wp\/v2\/tags?post=35947"}],"curies":[{"name":"wp","href":"https:\/\/api.w.org\/{rel}","templated":true}]}}