{"id":35872,"date":"2017-05-15T13:09:47","date_gmt":"2017-05-15T18:09:47","guid":{"rendered":"https:\/\/radiowebmx.com\/nota\/?p=35872"},"modified":"2017-05-15T13:24:52","modified_gmt":"2017-05-15T18:24:52","slug":"se-une-ayuntamiento-de-morelia-al-festejo-del-dia-del-maestro","status":"publish","type":"post","link":"https:\/\/radiowebmx.com\/nota\/se-une-ayuntamiento-de-morelia-al-festejo-del-dia-del-maestro\/","title":{"rendered":"Se une Ayuntamiento de Morelia al festejo del D\u00eda del Maestro"},"content":{"rendered":"<p><a href=\"https:\/\/radiowebmx.com\/nota\/wp-content\/uploads\/2017\/05\/408ce6bb-1a9d-4ea1-91f4-701b7feb6dec.jpeg\"><img loading=\"lazy\" decoding=\"async\" class=\"alignnone size-medium wp-image-35873\" src=\"https:\/\/radiowebmx.com\/nota\/wp-content\/uploads\/2017\/05\/408ce6bb-1a9d-4ea1-91f4-701b7feb6dec-595x396.jpeg\" alt=\"\" width=\"595\" height=\"396\" srcset=\"https:\/\/radiowebmx.com\/nota\/wp-content\/uploads\/2017\/05\/408ce6bb-1a9d-4ea1-91f4-701b7feb6dec-595x396.jpeg 595w, https:\/\/radiowebmx.com\/nota\/wp-content\/uploads\/2017\/05\/408ce6bb-1a9d-4ea1-91f4-701b7feb6dec.jpeg 709w\" sizes=\"auto, (max-width: 595px) 100vw, 595px\" \/><\/a><\/p>\n<p>&nbsp;<\/p>\n<p>El Ayuntamiento de Morelia a trav\u00e9s del Presidente Municipal, Alfonso Mart\u00ednez Alc\u00e1zar tuvo presencia en el Reconocimiento al Maestro Michoacano, marco en cual alrededor de mil 800 docentes fueron condecorados por sus a\u00f1os de servicio en las instalaciones del Estadio Ol\u00edmpico de la Universidad Michoacana de San Nicol\u00e1s de Hidalgo<\/p>\n<p>Acompa\u00f1ado del Secretario de Gobierno, Adri\u00e1n L\u00f3pez Sol\u00eds; el Secretario de Educaci\u00f3n, Alberto Frutis Sol\u00eds; la Diputada, Xochitl Ruiz Gonz\u00e1lez; el Rector de la Universidad Michoacana, Medardo Serna Gonz\u00e1lez; el Delegado de la Secretar\u00eda de Educaci\u00f3n, Israel Vargas Hern\u00e1ndez; la Directora General del Instituto Nacional para la Evaluaci\u00f3n de la Educaci\u00f3n en Michoac\u00e1n, Juana Mar\u00eda Estrada Jim\u00e9nez y el representante de los docentes homenajeados, Marcos Rubio L\u00f3pez, el Alcalde aplaudi\u00f3 la labor de los encargados del aula.<\/p>\n<p>De esta forma, desde el Gobierno Municipal encabezado por el Jefe de la Comuna Moreliana se hace un reconocimiento a la labor de ense\u00f1anza que hacen los maestros en cada instituci\u00f3n educativa frente a grupo, labor diaria que permite brindar a los alumnos una educaci\u00f3n integral y dota de las herramientas para hacer frente al mundo.<\/p>\n<p>Mart\u00ednez Alc\u00e1zar como parte del presidium en este acto, entreg\u00f3 algunos de los reconocimientos a la trayectoria docente de 30, 40 e incluso a una carrera de 50 a\u00f1os de maestro.<\/p>\n","protected":false},"excerpt":{"rendered":"<p>&nbsp; El Ayuntamiento de Morelia a trav\u00e9s del Presidente Municipal, Alfonso Mart\u00ednez Alc\u00e1zar tuvo presencia en el Reconocimiento al Maestro Michoacano, marco en cual alrededor de mil 800 docentes fueron condecorados por sus a\u00f1os de servicio en las instalaciones del Estadio Ol\u00edmpico de la Universidad Michoacana de San Nicol\u00e1s de Hidalgo Acompa\u00f1ado del Secretario de [&hellip;]<\/p>\n","protected":false},"author":2,"featured_media":35873,"comment_status":"closed","ping_status":"closed","sticky":false,"template":"","format":"standard","meta":{"footnotes":""},"categories":[14,9],"tags":[],"class_list":["post-35872","post","type-post","status-publish","format-standard","has-post-thumbnail","hentry","category-destacadas","category-morelia"],"_links":{"self":[{"href":"https:\/\/radiowebmx.com\/nota\/wp-json\/wp\/v2\/posts\/35872","targetHints":{"allow":["GET"]}}],"collection":[{"href":"https:\/\/radiowebmx.com\/nota\/wp-json\/wp\/v2\/posts"}],"about":[{"href":"https:\/\/radiowebmx.com\/nota\/wp-json\/wp\/v2\/types\/post"}],"author":[{"embeddable":true,"href":"https:\/\/radiowebmx.com\/nota\/wp-json\/wp\/v2\/users\/2"}],"replies":[{"embeddable":true,"href":"https:\/\/radiowebmx.com\/nota\/wp-json\/wp\/v2\/comments?post=35872"}],"version-history":[{"count":1,"href":"https:\/\/radiowebmx.com\/nota\/wp-json\/wp\/v2\/posts\/35872\/revisions"}],"predecessor-version":[{"id":35874,"href":"https:\/\/radiowebmx.com\/nota\/wp-json\/wp\/v2\/posts\/35872\/revisions\/35874"}],"wp:featuredmedia":[{"embeddable":true,"href":"https:\/\/radiowebmx.com\/nota\/wp-json\/wp\/v2\/media\/35873"}],"wp:attachment":[{"href":"https:\/\/radiowebmx.com\/nota\/wp-json\/wp\/v2\/media?parent=35872"}],"wp:term":[{"taxonomy":"category","embeddable":true,"href":"https:\/\/radiowebmx.com\/nota\/wp-json\/wp\/v2\/categories?post=35872"},{"taxonomy":"post_tag","embeddable":true,"href":"https:\/\/radiowebmx.com\/nota\/wp-json\/wp\/v2\/tags?post=35872"}],"curies":[{"name":"wp","href":"https:\/\/api.w.org\/{rel}","templated":true}]}}