{"id":35813,"date":"2017-05-11T18:21:42","date_gmt":"2017-05-11T23:21:42","guid":{"rendered":"https:\/\/radiowebmx.com\/nota\/?p=35813"},"modified":"2017-05-12T11:05:00","modified_gmt":"2017-05-12T16:05:00","slug":"si-financia-potencia-recursos-en-favor-de-microempresarios-de-arteaga","status":"publish","type":"post","link":"https:\/\/radiowebmx.com\/nota\/si-financia-potencia-recursos-en-favor-de-microempresarios-de-arteaga\/","title":{"rendered":"S\u00ed Financia potencia recursos en favor de microempresarios de Arteaga"},"content":{"rendered":"<p><a href=\"https:\/\/radiowebmx.com\/nota\/wp-content\/uploads\/2017\/05\/d129b158-3a9c-43a4-b429-eb6b992aa36a.jpeg\"><img loading=\"lazy\" decoding=\"async\" class=\"alignnone size-medium wp-image-35814\" src=\"https:\/\/radiowebmx.com\/nota\/wp-content\/uploads\/2017\/05\/d129b158-3a9c-43a4-b429-eb6b992aa36a-595x334.jpeg\" alt=\"\" width=\"595\" height=\"334\" srcset=\"https:\/\/radiowebmx.com\/nota\/wp-content\/uploads\/2017\/05\/d129b158-3a9c-43a4-b429-eb6b992aa36a-595x334.jpeg 595w, https:\/\/radiowebmx.com\/nota\/wp-content\/uploads\/2017\/05\/d129b158-3a9c-43a4-b429-eb6b992aa36a.jpeg 709w\" sizes=\"auto, (max-width: 595px) 100vw, 595px\" \/><\/a><\/p>\n<p>&nbsp;<\/p>\n<p><strong>Morelia, Michoac\u00e1n, a 11 de mayo de 2017.-<\/strong> Con el objetivo de coadyuvar en el fortalecimiento econ\u00f3mico de las y los emprendedores, el Gobierno del Estado, a trav\u00e9s del Sistema Integral de Financiamiento para el Desarrollo de Michoac\u00e1n (S\u00ed Financia), estrecha lazos de colaboraci\u00f3n con los ayuntamientos.<\/p>\n<p>&nbsp;<\/p>\n<p>Muestra de ello es el Convenio de Coordinaci\u00f3n Interinstitucional que este jueves signaron el director general de S\u00ed Financia, Gustavo Mel\u00e9ndez Arreola, y el presidente municipal de Arteaga, Bernardo Zepeda Vallejo para operar en esa demarcaci\u00f3n de la Tierra Caliente el Programa de Financiamiento a la Microempresa (PROFIM).<\/p>\n<p>&nbsp;<\/p>\n<p>El funcionario estatal destac\u00f3 la importancia de este instrumento, que permitir\u00e1 potenciar los recursos que de manera bipartita aporten S\u00ed Financia y el Ayuntamiento en beneficio de las y los emprendedores de Arteaga, con apoyos financieros que van de los mil a los 10 mil pesos y de 10 mil a 30 mil dependiendo el esquema solicitado, con intereses blandos que los hacen a\u00fan m\u00e1s accesibles.<\/p>\n<p>&nbsp;<\/p>\n<p>Por su parte, el alcalde Zepeda Vallejo refrend\u00f3 su disposici\u00f3n para trabajar de manera coordinada con el Gobierno del Estado, que encabeza Silvano Aureoles Conejo, para detonar el desarrollo econ\u00f3mico de Arteaga.<\/p>\n<p>&nbsp;<\/p>\n<p>El PROFIM est\u00e1 dirigido a microempresarios de los sectores industrial, agroindustrial, artesanal, comercial, primario y de servicios; con cr\u00e9ditos destinados a capital de trabajo, adquisici\u00f3n de materias primas, maquinaria y equipo, obra civil e infraestructura.<\/p>\n","protected":false},"excerpt":{"rendered":"<p>&nbsp; Morelia, Michoac\u00e1n, a 11 de mayo de 2017.- Con el objetivo de coadyuvar en el fortalecimiento econ\u00f3mico de las y los emprendedores, el Gobierno del Estado, a trav\u00e9s del Sistema Integral de Financiamiento para el Desarrollo de Michoac\u00e1n (S\u00ed Financia), estrecha lazos de colaboraci\u00f3n con los ayuntamientos. &nbsp; Muestra de ello es el Convenio [&hellip;]<\/p>\n","protected":false},"author":2,"featured_media":35814,"comment_status":"closed","ping_status":"closed","sticky":false,"template":"","format":"standard","meta":{"footnotes":""},"categories":[14,3],"tags":[],"class_list":["post-35813","post","type-post","status-publish","format-standard","has-post-thumbnail","hentry","category-destacadas","category-gobierno-del-estado-de-michoacan"],"_links":{"self":[{"href":"https:\/\/radiowebmx.com\/nota\/wp-json\/wp\/v2\/posts\/35813","targetHints":{"allow":["GET"]}}],"collection":[{"href":"https:\/\/radiowebmx.com\/nota\/wp-json\/wp\/v2\/posts"}],"about":[{"href":"https:\/\/radiowebmx.com\/nota\/wp-json\/wp\/v2\/types\/post"}],"author":[{"embeddable":true,"href":"https:\/\/radiowebmx.com\/nota\/wp-json\/wp\/v2\/users\/2"}],"replies":[{"embeddable":true,"href":"https:\/\/radiowebmx.com\/nota\/wp-json\/wp\/v2\/comments?post=35813"}],"version-history":[{"count":1,"href":"https:\/\/radiowebmx.com\/nota\/wp-json\/wp\/v2\/posts\/35813\/revisions"}],"predecessor-version":[{"id":35815,"href":"https:\/\/radiowebmx.com\/nota\/wp-json\/wp\/v2\/posts\/35813\/revisions\/35815"}],"wp:featuredmedia":[{"embeddable":true,"href":"https:\/\/radiowebmx.com\/nota\/wp-json\/wp\/v2\/media\/35814"}],"wp:attachment":[{"href":"https:\/\/radiowebmx.com\/nota\/wp-json\/wp\/v2\/media?parent=35813"}],"wp:term":[{"taxonomy":"category","embeddable":true,"href":"https:\/\/radiowebmx.com\/nota\/wp-json\/wp\/v2\/categories?post=35813"},{"taxonomy":"post_tag","embeddable":true,"href":"https:\/\/radiowebmx.com\/nota\/wp-json\/wp\/v2\/tags?post=35813"}],"curies":[{"name":"wp","href":"https:\/\/api.w.org\/{rel}","templated":true}]}}