{"id":35810,"date":"2017-05-11T17:58:53","date_gmt":"2017-05-11T22:58:53","guid":{"rendered":"https:\/\/radiowebmx.com\/nota\/?p=35810"},"modified":"2017-05-12T10:58:38","modified_gmt":"2017-05-12T15:58:38","slug":"alfonso-martinez-reconoce-a-comerciantes-del-mercado-de-abastos-por-su-impulso-a-la-economia-local","status":"publish","type":"post","link":"https:\/\/radiowebmx.com\/nota\/alfonso-martinez-reconoce-a-comerciantes-del-mercado-de-abastos-por-su-impulso-a-la-economia-local\/","title":{"rendered":"Alfonso Mart\u00ednez reconoce a comerciantes del Mercado de Abastos por su impulso a la econom\u00eda local"},"content":{"rendered":"<p><a href=\"https:\/\/radiowebmx.com\/nota\/wp-content\/uploads\/2017\/05\/7fb90a8b-0551-4b5e-aacd-1daccf3d3c69.jpeg\"><img loading=\"lazy\" decoding=\"async\" class=\"alignnone size-medium wp-image-35811\" src=\"https:\/\/radiowebmx.com\/nota\/wp-content\/uploads\/2017\/05\/7fb90a8b-0551-4b5e-aacd-1daccf3d3c69-595x396.jpeg\" alt=\"\" width=\"595\" height=\"396\" srcset=\"https:\/\/radiowebmx.com\/nota\/wp-content\/uploads\/2017\/05\/7fb90a8b-0551-4b5e-aacd-1daccf3d3c69-595x396.jpeg 595w, https:\/\/radiowebmx.com\/nota\/wp-content\/uploads\/2017\/05\/7fb90a8b-0551-4b5e-aacd-1daccf3d3c69.jpeg 709w\" sizes=\"auto, (max-width: 595px) 100vw, 595px\" \/><\/a><\/p>\n<p>&nbsp;<\/p>\n<p>Con el prop\u00f3sito de robustecer el trabajo a favor del comercio ordenado y establecer canales de comunicaci\u00f3n, el Presidente Municipal de Morelia, Alfonso Mart\u00ednez Alc\u00e1zar acudi\u00f3 a la toma de protesta de los nuevos integrantes de la Mesa Directiva del Mercado de Abastos.<\/p>\n<p>En este acto en el que estuvo acompa\u00f1ado por el Subsecretario de Seguridad P\u00fablica del Estado, Carlos G\u00f3mez Arrieta; el Secretario de Servicios P\u00fablicos Municipales, Jos\u00e9 Luis Gil V\u00e1zquez; el Comisario de la Polic\u00eda de Morelia, Felipe Gonz\u00e1lez Carmona; la Regidora, Alma Rosa Bahena Villalobos; el Director de Residuos S\u00f3lidos, Paulino Vel\u00e1zquez Mart\u00ednez el Jefe de la Comuna moreliana destac\u00f3 que los oferentes son ejemplo del esfuerzo y trabajo constante.<\/p>\n<p>Expres\u00f3 y reconoci\u00f3 a los comerciantes del Mercado de Abastos como aliados del desarrollo de la econom\u00eda del municipio y como generadores de fuentes de empleo, al mover y promover el comercio local.<\/p>\n<p>Mart\u00ednez Alc\u00e1zar refiri\u00f3 que como autoridades municipales corresponde atender sus necesidades, por lo que afirm\u00f3 que como se hizo con la anterior mesa directiva, se establecer\u00e1n los lazos de trabajo para brindar soluciones a las solicitudes presentadas.<\/p>\n<p>Record\u00f3 que una de las principales labores de los titulares de la organizaci\u00f3n de oferentes ser\u00e1 el mejorar las condiciones, orden y \u00e1mbito de trabajo de esta zona comercial la cual estar\u00e1 encabezada ahora por Ricardo Guzm\u00e1n.<\/p>\n<p>Asegur\u00f3 que desde el Gobierno Municipal se mantendr\u00e1 la coordinaci\u00f3n de labores con este y otros sectores de la poblaci\u00f3n, para mejorar la calidad de vida de la poblaci\u00f3n.<\/p>\n<p>Asimismo, el Subsecretario de Seguridad P\u00fablica del Estado, Carlos G\u00f3mez, afirm\u00f3 que con el actual Ayuntamiento de Morelia se ha conseguido un trabajo en conjunto en materia de movilidad, vialidad y seguridad en beneficio de los comerciantes y asistentes del Mercado de Abastos.<\/p>\n<p>Posterior a la toma de protesta autoridades municipales y estatales entregaron reconocimientos por el trabajo desempe\u00f1ando por los oferentes de esta zona comercial.<\/p>\n<p>En este acto estuvieron presentes integrantes salientes de la mesa directiva como el ex presidente de esta organizaci\u00f3n, Salvador Miranda; el ex secretario Gerardo Mart\u00ednez y el ex vocal, Salvador Guzm\u00e1n.<\/p>\n","protected":false},"excerpt":{"rendered":"<p>&nbsp; Con el prop\u00f3sito de robustecer el trabajo a favor del comercio ordenado y establecer canales de comunicaci\u00f3n, el Presidente Municipal de Morelia, Alfonso Mart\u00ednez Alc\u00e1zar acudi\u00f3 a la toma de protesta de los nuevos integrantes de la Mesa Directiva del Mercado de Abastos. En este acto en el que estuvo acompa\u00f1ado por el Subsecretario [&hellip;]<\/p>\n","protected":false},"author":2,"featured_media":35811,"comment_status":"closed","ping_status":"closed","sticky":false,"template":"","format":"standard","meta":{"footnotes":""},"categories":[14,9],"tags":[],"class_list":["post-35810","post","type-post","status-publish","format-standard","has-post-thumbnail","hentry","category-destacadas","category-morelia"],"_links":{"self":[{"href":"https:\/\/radiowebmx.com\/nota\/wp-json\/wp\/v2\/posts\/35810","targetHints":{"allow":["GET"]}}],"collection":[{"href":"https:\/\/radiowebmx.com\/nota\/wp-json\/wp\/v2\/posts"}],"about":[{"href":"https:\/\/radiowebmx.com\/nota\/wp-json\/wp\/v2\/types\/post"}],"author":[{"embeddable":true,"href":"https:\/\/radiowebmx.com\/nota\/wp-json\/wp\/v2\/users\/2"}],"replies":[{"embeddable":true,"href":"https:\/\/radiowebmx.com\/nota\/wp-json\/wp\/v2\/comments?post=35810"}],"version-history":[{"count":1,"href":"https:\/\/radiowebmx.com\/nota\/wp-json\/wp\/v2\/posts\/35810\/revisions"}],"predecessor-version":[{"id":35812,"href":"https:\/\/radiowebmx.com\/nota\/wp-json\/wp\/v2\/posts\/35810\/revisions\/35812"}],"wp:featuredmedia":[{"embeddable":true,"href":"https:\/\/radiowebmx.com\/nota\/wp-json\/wp\/v2\/media\/35811"}],"wp:attachment":[{"href":"https:\/\/radiowebmx.com\/nota\/wp-json\/wp\/v2\/media?parent=35810"}],"wp:term":[{"taxonomy":"category","embeddable":true,"href":"https:\/\/radiowebmx.com\/nota\/wp-json\/wp\/v2\/categories?post=35810"},{"taxonomy":"post_tag","embeddable":true,"href":"https:\/\/radiowebmx.com\/nota\/wp-json\/wp\/v2\/tags?post=35810"}],"curies":[{"name":"wp","href":"https:\/\/api.w.org\/{rel}","templated":true}]}}