{"id":35807,"date":"2017-05-11T17:41:42","date_gmt":"2017-05-11T22:41:42","guid":{"rendered":"https:\/\/radiowebmx.com\/nota\/?p=35807"},"modified":"2017-05-12T10:49:42","modified_gmt":"2017-05-12T15:49:42","slug":"alfonso-martinez-estrecha-lazos-de-comunicacion-con-camaras-empresariales-de-morelia","status":"publish","type":"post","link":"https:\/\/radiowebmx.com\/nota\/alfonso-martinez-estrecha-lazos-de-comunicacion-con-camaras-empresariales-de-morelia\/","title":{"rendered":"Alfonso Mart\u00ednez estrecha lazos de comunicaci\u00f3n con C\u00e1maras Empresariales de Morelia"},"content":{"rendered":"<p><a href=\"https:\/\/radiowebmx.com\/nota\/wp-content\/uploads\/2017\/05\/bbcba381-c735-46fc-bb88-9986e63c1461.jpeg\"><img loading=\"lazy\" decoding=\"async\" class=\"alignnone size-medium wp-image-35808\" src=\"https:\/\/radiowebmx.com\/nota\/wp-content\/uploads\/2017\/05\/bbcba381-c735-46fc-bb88-9986e63c1461-595x396.jpeg\" alt=\"\" width=\"595\" height=\"396\" srcset=\"https:\/\/radiowebmx.com\/nota\/wp-content\/uploads\/2017\/05\/bbcba381-c735-46fc-bb88-9986e63c1461-595x396.jpeg 595w, https:\/\/radiowebmx.com\/nota\/wp-content\/uploads\/2017\/05\/bbcba381-c735-46fc-bb88-9986e63c1461.jpeg 709w\" sizes=\"auto, (max-width: 595px) 100vw, 595px\" \/><\/a><\/p>\n<p>&nbsp;<\/p>\n<p>En una clara muestra del compromiso por transparentar las estrategias de desarrollo y seguridad en la Capital Michoacana, adem\u00e1s de fortalecer los lazos de colaboraci\u00f3n con los diversos frentes productivos en la ciudad, el Presidente Municipal de Morelia, Alfonso Mart\u00ednez Alc\u00e1zar encabez\u00f3 este jueves un desayuno de trabajo con los integrantes de la C\u00e1mara Nacional de Comercio, Servicios y Turismo (CANACO SERVyTUR Morelia), para compartir a sus integrantes las acciones de mejoramiento de la seguridad y de desarrollo econ\u00f3mico implementadas durante su Administraci\u00f3n.<\/p>\n<p>Acompa\u00f1ado por Luis Navarro Garc\u00eda, Presidente de la CANACO en Morelia; Yankel Ben\u00edtez Silva, Secretario de Administraci\u00f3n Municipal; Ireri Rivera Garc\u00eda, Secretaria de Desarrollo Econ\u00f3mico y Emprendedor; Antonio Plaza Urbina, Secretario de Efectividad e Innovaci\u00f3n Gubernamental; el Comandante de la Polic\u00eda de Morelia, Felipe Gonz\u00e1lez Carmona; Agust\u00edn Rebollar, Secretario de la CANACO; adem\u00e1s de empresarios y representantes de diversos sectores productivos de la ciudad, Alfonso Mart\u00ednez comparti\u00f3 ante los presentes su intenci\u00f3n de mejorar a pasos agigantados la seguridad a trav\u00e9s del reclutamiento de m\u00e1s polic\u00edas, que en la actualidad ascienden a 420 elementos, m\u00e1s del doble que en la pasada Administraci\u00f3n.<\/p>\n<p>\u201cHoy tenemos una Polic\u00eda cien por ciento capacitada, de 420 elementos, una Polic\u00eda que ha sido elegida por la embajada Brit\u00e1nica por medio de la Secretar\u00eda de Gobernaci\u00f3n para que sea la Polic\u00eda Modelo para los dem\u00e1s municipios\u201d, explic\u00f3 el Alcalde.<\/p>\n<p>Alfonso Mart\u00ednez, profundiz\u00f3 que con la creaci\u00f3n de la figura del Juez C\u00edvico; los Centros de Atenci\u00f3n a Victimas y la renovaci\u00f3n de la Polic\u00eda de Morelia, su Administraci\u00f3n se apega a los reglamentos del nuevo sistema de justicia penal y se refrenda como referente de innovaci\u00f3n en el cumplimiento de las leyes y el respeto a los Derechos Humanos de los presuntos delincuentes.<\/p>\n<p>Aunque el tema de seguridad fue de suma trascendencia durante la reuni\u00f3n, el Jefe de la Comuna Moreliana expuso tambi\u00e9n el trabajo realizado por la actual Administraci\u00f3n en temas como el Desarrollo Urbano e Infraestructura, Desarrollo Econ\u00f3mico y dem\u00e1s dudas que los lideres productivos tuvieron a bien poner en la mesa para su an\u00e1lisis.<\/p>\n","protected":false},"excerpt":{"rendered":"<p>&nbsp; En una clara muestra del compromiso por transparentar las estrategias de desarrollo y seguridad en la Capital Michoacana, adem\u00e1s de fortalecer los lazos de colaboraci\u00f3n con los diversos frentes productivos en la ciudad, el Presidente Municipal de Morelia, Alfonso Mart\u00ednez Alc\u00e1zar encabez\u00f3 este jueves un desayuno de trabajo con los integrantes de la C\u00e1mara [&hellip;]<\/p>\n","protected":false},"author":2,"featured_media":35808,"comment_status":"closed","ping_status":"closed","sticky":false,"template":"","format":"standard","meta":{"footnotes":""},"categories":[14,9],"tags":[],"class_list":["post-35807","post","type-post","status-publish","format-standard","has-post-thumbnail","hentry","category-destacadas","category-morelia"],"_links":{"self":[{"href":"https:\/\/radiowebmx.com\/nota\/wp-json\/wp\/v2\/posts\/35807","targetHints":{"allow":["GET"]}}],"collection":[{"href":"https:\/\/radiowebmx.com\/nota\/wp-json\/wp\/v2\/posts"}],"about":[{"href":"https:\/\/radiowebmx.com\/nota\/wp-json\/wp\/v2\/types\/post"}],"author":[{"embeddable":true,"href":"https:\/\/radiowebmx.com\/nota\/wp-json\/wp\/v2\/users\/2"}],"replies":[{"embeddable":true,"href":"https:\/\/radiowebmx.com\/nota\/wp-json\/wp\/v2\/comments?post=35807"}],"version-history":[{"count":1,"href":"https:\/\/radiowebmx.com\/nota\/wp-json\/wp\/v2\/posts\/35807\/revisions"}],"predecessor-version":[{"id":35809,"href":"https:\/\/radiowebmx.com\/nota\/wp-json\/wp\/v2\/posts\/35807\/revisions\/35809"}],"wp:featuredmedia":[{"embeddable":true,"href":"https:\/\/radiowebmx.com\/nota\/wp-json\/wp\/v2\/media\/35808"}],"wp:attachment":[{"href":"https:\/\/radiowebmx.com\/nota\/wp-json\/wp\/v2\/media?parent=35807"}],"wp:term":[{"taxonomy":"category","embeddable":true,"href":"https:\/\/radiowebmx.com\/nota\/wp-json\/wp\/v2\/categories?post=35807"},{"taxonomy":"post_tag","embeddable":true,"href":"https:\/\/radiowebmx.com\/nota\/wp-json\/wp\/v2\/tags?post=35807"}],"curies":[{"name":"wp","href":"https:\/\/api.w.org\/{rel}","templated":true}]}}