{"id":35804,"date":"2017-05-11T17:34:33","date_gmt":"2017-05-11T22:34:33","guid":{"rendered":"https:\/\/radiowebmx.com\/nota\/?p=35804"},"modified":"2017-05-12T10:45:31","modified_gmt":"2017-05-12T15:45:31","slug":"el-telebachillerato-por-fortalecer-sus-planteles-de-tierra-caliente","status":"publish","type":"post","link":"https:\/\/radiowebmx.com\/nota\/el-telebachillerato-por-fortalecer-sus-planteles-de-tierra-caliente\/","title":{"rendered":"El Telebachillerato, por fortalecer sus planteles de Tierra Caliente"},"content":{"rendered":"<p><a href=\"https:\/\/radiowebmx.com\/nota\/wp-content\/uploads\/2017\/05\/3111308b-a39c-4229-9c4c-7d6e2f8a8c0b.jpeg\"><img loading=\"lazy\" decoding=\"async\" class=\"alignnone size-medium wp-image-35805\" src=\"https:\/\/radiowebmx.com\/nota\/wp-content\/uploads\/2017\/05\/3111308b-a39c-4229-9c4c-7d6e2f8a8c0b-595x396.jpeg\" alt=\"\" width=\"595\" height=\"396\" srcset=\"https:\/\/radiowebmx.com\/nota\/wp-content\/uploads\/2017\/05\/3111308b-a39c-4229-9c4c-7d6e2f8a8c0b-595x396.jpeg 595w, https:\/\/radiowebmx.com\/nota\/wp-content\/uploads\/2017\/05\/3111308b-a39c-4229-9c4c-7d6e2f8a8c0b.jpeg 709w\" sizes=\"auto, (max-width: 595px) 100vw, 595px\" \/><\/a><\/p>\n<p>&nbsp;<\/p>\n<p><strong>Morelia, Michoac\u00e1n, a 11 de mayo de 2017.-<\/strong>\u00a0Con el objetivo de atender las necesidades de los planteles de las zonas 01 Apatzing\u00e1n y 07 M\u00fagica, el director general del Telebachillerato Michoac\u00e1n, Juan Carlos Barrag\u00e1n V\u00e9lez, realiz\u00f3 gira de trabajo para plantear temas que aportar\u00e1n al desarrollo de la instituci\u00f3n.<\/p>\n<p>Durante su recorrido, tambi\u00e9n nombr\u00f3 al nuevo supervisor de la Zona 01,\u00a0Miguel \u00c1ngel Guzm\u00e1n Alonso,\u00a0a quien exhort\u00f3 a trabajar de manera coordinada con los 13 centros de esta regi\u00f3n.<\/p>\n<p>\u201cRecorrer nuestros planteles es muy importante, ya que podremos conocer de manera directa las necesidades de todas las regiones, adem\u00e1s de escuchar los planteamientos de nuestros asesores. Debemos trabajar en equipo para restaurar una de las fibras m\u00e1s importantes del tejido social, como lo es la educaci\u00f3n\u201d, afirm\u00f3.<\/p>\n<p>Barrag\u00e1n V\u00e9lez tambi\u00e9n se reuni\u00f3 con los asesores de la zona 07, a quienes invit\u00f3 a trabajar en favor de los j\u00f3venes para fomentar su arraigo en las comunidades y as\u00ed potencializar el desarrollo de las mismas, fortaleciendo la participaci\u00f3n e integraci\u00f3n de los grupos sociales en los centros educativos.<\/p>\n<p>Por \u00faltimo, resalt\u00f3 que como parte del compromiso del Gobernador Silvano Aureoles Conejo de ampliar y mejorar la infraestructura educativa en la entidad, el Telebachillerato registra un avance significativo en materia de infraestructura, en donde 119 planteles han mejorado sus instalaciones.<\/p>\n","protected":false},"excerpt":{"rendered":"<p>&nbsp; Morelia, Michoac\u00e1n, a 11 de mayo de 2017.-\u00a0Con el objetivo de atender las necesidades de los planteles de las zonas 01 Apatzing\u00e1n y 07 M\u00fagica, el director general del Telebachillerato Michoac\u00e1n, Juan Carlos Barrag\u00e1n V\u00e9lez, realiz\u00f3 gira de trabajo para plantear temas que aportar\u00e1n al desarrollo de la instituci\u00f3n. Durante su recorrido, tambi\u00e9n nombr\u00f3 [&hellip;]<\/p>\n","protected":false},"author":2,"featured_media":35805,"comment_status":"closed","ping_status":"closed","sticky":false,"template":"","format":"standard","meta":{"footnotes":""},"categories":[14,3],"tags":[],"class_list":["post-35804","post","type-post","status-publish","format-standard","has-post-thumbnail","hentry","category-destacadas","category-gobierno-del-estado-de-michoacan"],"_links":{"self":[{"href":"https:\/\/radiowebmx.com\/nota\/wp-json\/wp\/v2\/posts\/35804","targetHints":{"allow":["GET"]}}],"collection":[{"href":"https:\/\/radiowebmx.com\/nota\/wp-json\/wp\/v2\/posts"}],"about":[{"href":"https:\/\/radiowebmx.com\/nota\/wp-json\/wp\/v2\/types\/post"}],"author":[{"embeddable":true,"href":"https:\/\/radiowebmx.com\/nota\/wp-json\/wp\/v2\/users\/2"}],"replies":[{"embeddable":true,"href":"https:\/\/radiowebmx.com\/nota\/wp-json\/wp\/v2\/comments?post=35804"}],"version-history":[{"count":1,"href":"https:\/\/radiowebmx.com\/nota\/wp-json\/wp\/v2\/posts\/35804\/revisions"}],"predecessor-version":[{"id":35806,"href":"https:\/\/radiowebmx.com\/nota\/wp-json\/wp\/v2\/posts\/35804\/revisions\/35806"}],"wp:featuredmedia":[{"embeddable":true,"href":"https:\/\/radiowebmx.com\/nota\/wp-json\/wp\/v2\/media\/35805"}],"wp:attachment":[{"href":"https:\/\/radiowebmx.com\/nota\/wp-json\/wp\/v2\/media?parent=35804"}],"wp:term":[{"taxonomy":"category","embeddable":true,"href":"https:\/\/radiowebmx.com\/nota\/wp-json\/wp\/v2\/categories?post=35804"},{"taxonomy":"post_tag","embeddable":true,"href":"https:\/\/radiowebmx.com\/nota\/wp-json\/wp\/v2\/tags?post=35804"}],"curies":[{"name":"wp","href":"https:\/\/api.w.org\/{rel}","templated":true}]}}