{"id":35801,"date":"2017-05-11T17:28:04","date_gmt":"2017-05-11T22:28:04","guid":{"rendered":"https:\/\/radiowebmx.com\/nota\/?p=35801"},"modified":"2017-05-12T10:39:43","modified_gmt":"2017-05-12T15:39:43","slug":"fortalecer-el-sistema-estatal-de-atencion-a-la-salud-para-las-y-los-michoacanos-la-meta-silvano-aureoles","status":"publish","type":"post","link":"https:\/\/radiowebmx.com\/nota\/fortalecer-el-sistema-estatal-de-atencion-a-la-salud-para-las-y-los-michoacanos-la-meta-silvano-aureoles\/","title":{"rendered":"Fortalecer el sistema estatal de atenci\u00f3n a la salud para las y los michoacanos, la meta: Silvano Aureoles"},"content":{"rendered":"<p><a href=\"https:\/\/radiowebmx.com\/nota\/wp-content\/uploads\/2017\/05\/3e21f867-3c1f-4850-9ec0-33f5a9b68bef.jpeg\"><img loading=\"lazy\" decoding=\"async\" class=\"alignnone size-medium wp-image-35802\" src=\"https:\/\/radiowebmx.com\/nota\/wp-content\/uploads\/2017\/05\/3e21f867-3c1f-4850-9ec0-33f5a9b68bef-595x396.jpeg\" alt=\"\" width=\"595\" height=\"396\" srcset=\"https:\/\/radiowebmx.com\/nota\/wp-content\/uploads\/2017\/05\/3e21f867-3c1f-4850-9ec0-33f5a9b68bef-595x396.jpeg 595w, https:\/\/radiowebmx.com\/nota\/wp-content\/uploads\/2017\/05\/3e21f867-3c1f-4850-9ec0-33f5a9b68bef.jpeg 709w\" sizes=\"auto, (max-width: 595px) 100vw, 595px\" \/><\/a><\/p>\n<p>&nbsp;<\/p>\n<p><strong>Morelia, Michoac\u00e1n, 11 de mayo de 2017.-<\/strong> Con el firme prop\u00f3sito de trabajar de manera coordinada para fortalecer el sistema de salud en Michoac\u00e1n, dignificar las \u00e1reas de atenci\u00f3n a la poblaci\u00f3n y ampliar la cobertura de los servicios de salubridad, el Gobernador del Estado, Silvano Aureoles Conejo, encabez\u00f3 la reuni\u00f3n de la Junta de Gobierno de Salud.<\/p>\n<p>Acompa\u00f1ado del director general de Financiamiento de la Comisi\u00f3n Nacional de Protecci\u00f3n Social en Salud, Antonio Chemor Ruiz y la directora general del R\u00e9gimen Estatal de Protecci\u00f3n Social en Salud (REPSS), tambi\u00e9n conocido como Seguro Popular, Diana Celia Carpio R\u00edos, el mandatario estatal recalc\u00f3 los cuatro ejes de trabajo para mejorar los servicios del sector en la entidad, principalmente enfocados a garantizar el abasto de medicamento, la dignificaci\u00f3n de los espacios, equipamiento y la presencia permanente de personal m\u00e9dico en centros de salud y hospitales.<\/p>\n<p>Al respecto, Chemor Ruiz hizo un reconocimiento al trabajo que se ha hecho en Michoac\u00e1n bajo las premisas del Gobernador Silvano Aureoles, ya que \u201ces evidente el cambio y el avance que se ha logrado en el estado en materia de salud\u201d, motivo por el cual consider\u00f3 que se est\u00e1 trabajando en la ruta correcta para mejorar los servicios de salud para las y los michoacanos.<\/p>\n<p>En la reuni\u00f3n, en la que tambi\u00e9n participaron el secretario de Gobierno, Adri\u00e1n L\u00f3pez Sol\u00eds; el secretario de Salud en el estado, El\u00edas Ibarra Torres y la secretaria de la Contralor\u00eda, Silvia Estrada Esquivel, el titular del Poder Ejecutivo enfatiz\u00f3 la importancia del trabajo coordinado para el cumplimiento de las metas en este sector, al ser una de las demandas m\u00e1s sentidas de la poblaci\u00f3n.<\/p>\n","protected":false},"excerpt":{"rendered":"<p>&nbsp; Morelia, Michoac\u00e1n, 11 de mayo de 2017.- Con el firme prop\u00f3sito de trabajar de manera coordinada para fortalecer el sistema de salud en Michoac\u00e1n, dignificar las \u00e1reas de atenci\u00f3n a la poblaci\u00f3n y ampliar la cobertura de los servicios de salubridad, el Gobernador del Estado, Silvano Aureoles Conejo, encabez\u00f3 la reuni\u00f3n de la Junta [&hellip;]<\/p>\n","protected":false},"author":2,"featured_media":35802,"comment_status":"closed","ping_status":"closed","sticky":false,"template":"","format":"standard","meta":{"footnotes":""},"categories":[14,3],"tags":[],"class_list":["post-35801","post","type-post","status-publish","format-standard","has-post-thumbnail","hentry","category-destacadas","category-gobierno-del-estado-de-michoacan"],"_links":{"self":[{"href":"https:\/\/radiowebmx.com\/nota\/wp-json\/wp\/v2\/posts\/35801","targetHints":{"allow":["GET"]}}],"collection":[{"href":"https:\/\/radiowebmx.com\/nota\/wp-json\/wp\/v2\/posts"}],"about":[{"href":"https:\/\/radiowebmx.com\/nota\/wp-json\/wp\/v2\/types\/post"}],"author":[{"embeddable":true,"href":"https:\/\/radiowebmx.com\/nota\/wp-json\/wp\/v2\/users\/2"}],"replies":[{"embeddable":true,"href":"https:\/\/radiowebmx.com\/nota\/wp-json\/wp\/v2\/comments?post=35801"}],"version-history":[{"count":1,"href":"https:\/\/radiowebmx.com\/nota\/wp-json\/wp\/v2\/posts\/35801\/revisions"}],"predecessor-version":[{"id":35803,"href":"https:\/\/radiowebmx.com\/nota\/wp-json\/wp\/v2\/posts\/35801\/revisions\/35803"}],"wp:featuredmedia":[{"embeddable":true,"href":"https:\/\/radiowebmx.com\/nota\/wp-json\/wp\/v2\/media\/35802"}],"wp:attachment":[{"href":"https:\/\/radiowebmx.com\/nota\/wp-json\/wp\/v2\/media?parent=35801"}],"wp:term":[{"taxonomy":"category","embeddable":true,"href":"https:\/\/radiowebmx.com\/nota\/wp-json\/wp\/v2\/categories?post=35801"},{"taxonomy":"post_tag","embeddable":true,"href":"https:\/\/radiowebmx.com\/nota\/wp-json\/wp\/v2\/tags?post=35801"}],"curies":[{"name":"wp","href":"https:\/\/api.w.org\/{rel}","templated":true}]}}