{"id":35798,"date":"2017-05-11T16:43:43","date_gmt":"2017-05-11T21:43:43","guid":{"rendered":"https:\/\/radiowebmx.com\/nota\/?p=35798"},"modified":"2017-05-12T10:37:48","modified_gmt":"2017-05-12T15:37:48","slug":"umsnh-recipiendaria-de-la-presea-generalisimo-morelos-2017","status":"publish","type":"post","link":"https:\/\/radiowebmx.com\/nota\/umsnh-recipiendaria-de-la-presea-generalisimo-morelos-2017\/","title":{"rendered":"UMSNH, recipiendaria de la Presea General\u00edsimo Morelos 2017"},"content":{"rendered":"<p><a href=\"https:\/\/radiowebmx.com\/nota\/wp-content\/uploads\/2017\/05\/6053c338-a195-45ce-b8de-affef176a41e.jpeg\"><img loading=\"lazy\" decoding=\"async\" class=\"alignnone size-medium wp-image-35799\" src=\"https:\/\/radiowebmx.com\/nota\/wp-content\/uploads\/2017\/05\/6053c338-a195-45ce-b8de-affef176a41e-595x396.jpeg\" alt=\"\" width=\"595\" height=\"396\" srcset=\"https:\/\/radiowebmx.com\/nota\/wp-content\/uploads\/2017\/05\/6053c338-a195-45ce-b8de-affef176a41e-595x396.jpeg 595w, https:\/\/radiowebmx.com\/nota\/wp-content\/uploads\/2017\/05\/6053c338-a195-45ce-b8de-affef176a41e.jpeg 709w\" sizes=\"auto, (max-width: 595px) 100vw, 595px\" \/><\/a><\/p>\n<p>&nbsp;<\/p>\n<p>Con 15 votos a favor y tras destacar su importancia a nivel estatal y nacional, en Sesi\u00f3n Ordinaria de Cabildo el cuerpo colegiado aval\u00f3 que la Universidad Michoacana de San Nicol\u00e1s de Hidalgo (UMSNH) sea la galardonada con la \u201cCondecoraci\u00f3n Presea General\u00edsimo Morelos 2017\u201d; asimismo aprob\u00f3 a la Plaza Jard\u00edn Morelos como recinto oficial para otorgar la presea el pr\u00f3ximo 18 de mayo del a\u00f1o en curso.<\/p>\n<p>En este tenor, el Presidente Municipal de Morelia, Alfonso Mart\u00ednez Alc\u00e1zar, destac\u00f3 que una caracter\u00edstica de esta Administraci\u00f3n es y seguir\u00e1 siendo el garantizar la libertad en la toma de decisiones en todos los \u00e1mbitos y sobre todo en lo que se refiere a la elecci\u00f3n de recipiendarios de las condecoraciones municipales.<\/p>\n<p>En el caso particular de la Condecoraci\u00f3n General\u00edsimo Morelos, se dijo honrado por la decisi\u00f3n un\u00e1nime que se tom\u00f3 en Cabildo de entregar este a\u00f1o a la Casa de Hidalgo el m\u00e1ximo galard\u00f3n municipal y adem\u00e1s en el marco del centenario de su fundaci\u00f3n; \u201ces una instituci\u00f3n que representa mucho para los michoacanos, que representa mucho para la ciudad de Morelia y para M\u00e9xico, y es hacerle honor por su importancia y valor educativo\u201d, acot\u00f3.<\/p>\n<p>Es de se\u00f1alar que el Acuerdo emitido por la Comisi\u00f3n Evaluadora de Preseas Municipales General\u00edsimo Morelos, present\u00f3 ante Cabildo a tres candidatos, luego de revisar a profundidad cada una de las propuestas, resultando seleccionados los ciudadanos Manuel Gu\u00edzar, Jos\u00e9 Antonio Romo Careaga, as\u00ed como la M\u00e1xima Casa de estudios de la entidad.<\/p>\n<p>De igual manera, por unanimidad, el cuerpo colegiado aprob\u00f3 que fuera habilitado como recinto oficial el \u201cJard\u00edn Morelos\u201d de esta ciudad, el d\u00eda 18 de mayo del a\u00f1o en curso a partir de las 08:00 horas, a fin de llevar a cabo la Sesi\u00f3n Solemne de Cabildo, en la que se har\u00e1 la entrega de la Condecoraci\u00f3n \u201cPresea General\u00edsimo Morelos 2017\u201d.<\/p>\n<p>En otro tema, en la Sesi\u00f3n Ordinaria, el Cabildo aprob\u00f3 el Acuerdo por el que se autoriza dejar sin efectos el Programa de Excelencia y Atenci\u00f3n de Trato al P\u00fablico contemplado dentro del Programa de Capacitaci\u00f3n y Adiestramiento del Municipio de Morelia y el cual establece que los derechos laborales que conforman el grupo denominado \u201cL\u00edderes de Informaci\u00f3n\u201d ser\u00e1 respetado conforme la legislaci\u00f3n laboral aplicable, quedando en la adscripci\u00f3n de la figura de Protocolo dependiente de la Secretar\u00eda Particular de la Presidencia Municipal.<\/p>\n<p>Asimismo, en Sesi\u00f3n Extraordinaria de Cabildo, fue aprobado por mayor\u00eda, el dictamen que contiene la autorizaci\u00f3n de la Ampliaci\u00f3n l\u00edquida al Presupuesto de Ingresos y Presupuesto de Egresos 2017, por un monto de 29 millones 4 mil 794 pesos, con la cual los presupuestos ascienden a 2 mil 189 millones 948 mil 545 pesos.<\/p>\n","protected":false},"excerpt":{"rendered":"<p>&nbsp; Con 15 votos a favor y tras destacar su importancia a nivel estatal y nacional, en Sesi\u00f3n Ordinaria de Cabildo el cuerpo colegiado aval\u00f3 que la Universidad Michoacana de San Nicol\u00e1s de Hidalgo (UMSNH) sea la galardonada con la \u201cCondecoraci\u00f3n Presea General\u00edsimo Morelos 2017\u201d; asimismo aprob\u00f3 a la Plaza Jard\u00edn Morelos como recinto oficial [&hellip;]<\/p>\n","protected":false},"author":2,"featured_media":35799,"comment_status":"closed","ping_status":"closed","sticky":false,"template":"","format":"standard","meta":{"footnotes":""},"categories":[14,9],"tags":[],"class_list":["post-35798","post","type-post","status-publish","format-standard","has-post-thumbnail","hentry","category-destacadas","category-morelia"],"_links":{"self":[{"href":"https:\/\/radiowebmx.com\/nota\/wp-json\/wp\/v2\/posts\/35798","targetHints":{"allow":["GET"]}}],"collection":[{"href":"https:\/\/radiowebmx.com\/nota\/wp-json\/wp\/v2\/posts"}],"about":[{"href":"https:\/\/radiowebmx.com\/nota\/wp-json\/wp\/v2\/types\/post"}],"author":[{"embeddable":true,"href":"https:\/\/radiowebmx.com\/nota\/wp-json\/wp\/v2\/users\/2"}],"replies":[{"embeddable":true,"href":"https:\/\/radiowebmx.com\/nota\/wp-json\/wp\/v2\/comments?post=35798"}],"version-history":[{"count":1,"href":"https:\/\/radiowebmx.com\/nota\/wp-json\/wp\/v2\/posts\/35798\/revisions"}],"predecessor-version":[{"id":35800,"href":"https:\/\/radiowebmx.com\/nota\/wp-json\/wp\/v2\/posts\/35798\/revisions\/35800"}],"wp:featuredmedia":[{"embeddable":true,"href":"https:\/\/radiowebmx.com\/nota\/wp-json\/wp\/v2\/media\/35799"}],"wp:attachment":[{"href":"https:\/\/radiowebmx.com\/nota\/wp-json\/wp\/v2\/media?parent=35798"}],"wp:term":[{"taxonomy":"category","embeddable":true,"href":"https:\/\/radiowebmx.com\/nota\/wp-json\/wp\/v2\/categories?post=35798"},{"taxonomy":"post_tag","embeddable":true,"href":"https:\/\/radiowebmx.com\/nota\/wp-json\/wp\/v2\/tags?post=35798"}],"curies":[{"name":"wp","href":"https:\/\/api.w.org\/{rel}","templated":true}]}}