{"id":35792,"date":"2017-05-11T15:13:47","date_gmt":"2017-05-11T20:13:47","guid":{"rendered":"https:\/\/radiowebmx.com\/nota\/?p=35792"},"modified":"2017-05-12T10:33:13","modified_gmt":"2017-05-12T15:33:13","slug":"compromete-gobernador-acabar-con-escuelas-de-palitos-en-la-nueva-aldea","status":"publish","type":"post","link":"https:\/\/radiowebmx.com\/nota\/compromete-gobernador-acabar-con-escuelas-de-palitos-en-la-nueva-aldea\/","title":{"rendered":"Compromete Gobernador acabar con escuelas \u201cde palitos\u201d en La Nueva Aldea"},"content":{"rendered":"<p><a href=\"https:\/\/radiowebmx.com\/nota\/wp-content\/uploads\/2017\/05\/d2ac9f6e-46ec-4f63-83ec-2bd7c3fc7e1d.jpeg\"><img loading=\"lazy\" decoding=\"async\" class=\"alignnone size-medium wp-image-35793\" src=\"https:\/\/radiowebmx.com\/nota\/wp-content\/uploads\/2017\/05\/d2ac9f6e-46ec-4f63-83ec-2bd7c3fc7e1d-595x396.jpeg\" alt=\"\" width=\"595\" height=\"396\" srcset=\"https:\/\/radiowebmx.com\/nota\/wp-content\/uploads\/2017\/05\/d2ac9f6e-46ec-4f63-83ec-2bd7c3fc7e1d-595x396.jpeg 595w, https:\/\/radiowebmx.com\/nota\/wp-content\/uploads\/2017\/05\/d2ac9f6e-46ec-4f63-83ec-2bd7c3fc7e1d.jpeg 709w\" sizes=\"auto, (max-width: 595px) 100vw, 595px\" \/><\/a><\/p>\n<p>&nbsp;<\/p>\n<p><strong>La Nueva Aldea, mpio. de Morelia, Michoac\u00e1n, a 11 de mayo de 2017.- <\/strong>Al visitar el fraccionamiento La Nueva Aldea para la entrega de viviendas a transportistas, el Gobernador Constitucional Silvano Aureoles Conejo escuch\u00f3 y atendi\u00f3 a alumnas y alumnos de la Escuela Secundaria T\u00e9cnica de este lugar, quienes la manifestaron la necesidad de concluir el plantel escolar para que todos est\u00e9n en condiciones dignas y seguras de tomar sus clases.<\/p>\n<p>En este contexto, Aureoles Conejo hizo una pausa en su gira de trabajo por La Aldea para conocer de manera personal las condiciones en que los j\u00f3venes reciben ense\u00f1anza, \u201cno puede ser que en la capital de nuestro estado todav\u00eda tengamos escuelas de palitos\u201d.<\/p>\n<p>Ante ello, el mandatario estatal comprometi\u00f3 que el pr\u00f3ximo martes la directora del Instituto de Infraestructura F\u00edsica Educativa (IIFEEM), Mar\u00eda Guadalupe D\u00edaz Chagolla, visitar\u00e1 este espacio para elaborar el proyecto t\u00e9cnico y que a la brevedad posible inicien las obras de construcci\u00f3n de la Secundaria T\u00e9cnica.<\/p>\n<p>Un grupo de ni\u00f1as y ni\u00f1os de la Escuela Primaria \u201cMorelia\u201d, arribaron entusiastas al evento para saludar al Gobernador con la misma petici\u00f3n: que se les construya una escuela digna, acci\u00f3n a lo que Silvano Aureoles tambi\u00e9n respondi\u00f3 con su decisi\u00f3n de eliminar las aulas de palitos y que los menores cuenten con un espacio educativo seguro.<\/p>\n<p>Tambi\u00e9n como parte de su gira de trabajo por La Aldea, Aureoles Conejo comprometi\u00f3 el coordinarse con las autoridades municipales para mejorar las vialidades de ingreso a este centro poblacional, ya que se encuentran en muy malas condiciones y disminuyen el acceso a la poblaci\u00f3n a mejores servicios.<\/p>\n","protected":false},"excerpt":{"rendered":"<p>&nbsp; La Nueva Aldea, mpio. de Morelia, Michoac\u00e1n, a 11 de mayo de 2017.- Al visitar el fraccionamiento La Nueva Aldea para la entrega de viviendas a transportistas, el Gobernador Constitucional Silvano Aureoles Conejo escuch\u00f3 y atendi\u00f3 a alumnas y alumnos de la Escuela Secundaria T\u00e9cnica de este lugar, quienes la manifestaron la necesidad de [&hellip;]<\/p>\n","protected":false},"author":2,"featured_media":35793,"comment_status":"closed","ping_status":"closed","sticky":false,"template":"","format":"standard","meta":{"footnotes":""},"categories":[14,3],"tags":[],"class_list":["post-35792","post","type-post","status-publish","format-standard","has-post-thumbnail","hentry","category-destacadas","category-gobierno-del-estado-de-michoacan"],"_links":{"self":[{"href":"https:\/\/radiowebmx.com\/nota\/wp-json\/wp\/v2\/posts\/35792","targetHints":{"allow":["GET"]}}],"collection":[{"href":"https:\/\/radiowebmx.com\/nota\/wp-json\/wp\/v2\/posts"}],"about":[{"href":"https:\/\/radiowebmx.com\/nota\/wp-json\/wp\/v2\/types\/post"}],"author":[{"embeddable":true,"href":"https:\/\/radiowebmx.com\/nota\/wp-json\/wp\/v2\/users\/2"}],"replies":[{"embeddable":true,"href":"https:\/\/radiowebmx.com\/nota\/wp-json\/wp\/v2\/comments?post=35792"}],"version-history":[{"count":1,"href":"https:\/\/radiowebmx.com\/nota\/wp-json\/wp\/v2\/posts\/35792\/revisions"}],"predecessor-version":[{"id":35794,"href":"https:\/\/radiowebmx.com\/nota\/wp-json\/wp\/v2\/posts\/35792\/revisions\/35794"}],"wp:featuredmedia":[{"embeddable":true,"href":"https:\/\/radiowebmx.com\/nota\/wp-json\/wp\/v2\/media\/35793"}],"wp:attachment":[{"href":"https:\/\/radiowebmx.com\/nota\/wp-json\/wp\/v2\/media?parent=35792"}],"wp:term":[{"taxonomy":"category","embeddable":true,"href":"https:\/\/radiowebmx.com\/nota\/wp-json\/wp\/v2\/categories?post=35792"},{"taxonomy":"post_tag","embeddable":true,"href":"https:\/\/radiowebmx.com\/nota\/wp-json\/wp\/v2\/tags?post=35792"}],"curies":[{"name":"wp","href":"https:\/\/api.w.org\/{rel}","templated":true}]}}