{"id":35784,"date":"2017-05-11T14:44:28","date_gmt":"2017-05-11T19:44:28","guid":{"rendered":"https:\/\/radiowebmx.com\/nota\/?p=35784"},"modified":"2017-05-11T14:44:28","modified_gmt":"2017-05-11T19:44:28","slug":"convoca-conalep-michoacan-a-carrera-atletica-en-los-reyes","status":"publish","type":"post","link":"https:\/\/radiowebmx.com\/nota\/convoca-conalep-michoacan-a-carrera-atletica-en-los-reyes\/","title":{"rendered":"Convoca Conalep Michoac\u00e1n a carrera atl\u00e9tica en Los Reyes"},"content":{"rendered":"<p><strong>Morelia, Michoac\u00e1n, a 11 de mayo de 2017.-<\/strong>\u00a0Bajo el lema \u201cCamina, Corre o Trota, pero llega\u201d, el Colegio de Educaci\u00f3n Profesional T\u00e9cnica del Estado de Michoac\u00e1n, plantel Los Reyes, realizar\u00e1 su Cuarta Carrera Atl\u00e9tica el pr\u00f3ximo 19 de mayo.<\/p>\n<p>La directora del plantel, Gabriela Morales M\u00fajica, indic\u00f3 que el objetivo es integrar a familias completas y fomentar la cultura del deporte.<\/p>\n<p>El registro se efect\u00faa directamente en el Conalep y el costo de inscripci\u00f3n es de 80 pesos, con lo cual las y los participantes recibir\u00e1n un kit que consta de una playera y un morral, adem\u00e1s de un boleto para la rifa de una tablet y computadoras port\u00e1tiles.<\/p>\n<p>Los recursos econ\u00f3micos recaudados se destinar\u00e1n para solventar los vi\u00e1ticos del equipo de f\u00fatbol del plantel, quienes participar\u00e1n en los juegos deportivos de Educaci\u00f3n Media Superior Michoac\u00e1n 2017, con sede en Morelia, los d\u00edas 17,18 y 19 de mayo.<\/p>\n<p>La carrera contempla un recorrido de 6.5 kil\u00f3metros. En esta edici\u00f3n se contar\u00e1 con cinco categor\u00edas, que contemplan a la poblaci\u00f3n desde los 12 a\u00f1os de edad hasta mayores de 50.<\/p>\n<p>El punto de partida ser\u00e1 a las 17:00 horas de la plaza principal de la cabecera municipal de Los Reyes y la meta ser\u00e1 en el plantel Conalep de esa demarcaci\u00f3n, donde se efectuar\u00e1 la rifa y una kerm\u00e9s organizada por estudiantes y padres de familia.<\/p>\n","protected":false},"excerpt":{"rendered":"<p>Morelia, Michoac\u00e1n, a 11 de mayo de 2017.-\u00a0Bajo el lema \u201cCamina, Corre o Trota, pero llega\u201d, el Colegio de Educaci\u00f3n Profesional T\u00e9cnica del Estado de Michoac\u00e1n, plantel Los Reyes, realizar\u00e1 su Cuarta Carrera Atl\u00e9tica el pr\u00f3ximo 19 de mayo. La directora del plantel, Gabriela Morales M\u00fajica, indic\u00f3 que el objetivo es integrar a familias completas [&hellip;]<\/p>\n","protected":false},"author":2,"featured_media":0,"comment_status":"closed","ping_status":"closed","sticky":false,"template":"","format":"standard","meta":{"footnotes":""},"categories":[3],"tags":[],"class_list":["post-35784","post","type-post","status-publish","format-standard","hentry","category-gobierno-del-estado-de-michoacan"],"_links":{"self":[{"href":"https:\/\/radiowebmx.com\/nota\/wp-json\/wp\/v2\/posts\/35784","targetHints":{"allow":["GET"]}}],"collection":[{"href":"https:\/\/radiowebmx.com\/nota\/wp-json\/wp\/v2\/posts"}],"about":[{"href":"https:\/\/radiowebmx.com\/nota\/wp-json\/wp\/v2\/types\/post"}],"author":[{"embeddable":true,"href":"https:\/\/radiowebmx.com\/nota\/wp-json\/wp\/v2\/users\/2"}],"replies":[{"embeddable":true,"href":"https:\/\/radiowebmx.com\/nota\/wp-json\/wp\/v2\/comments?post=35784"}],"version-history":[{"count":1,"href":"https:\/\/radiowebmx.com\/nota\/wp-json\/wp\/v2\/posts\/35784\/revisions"}],"predecessor-version":[{"id":35785,"href":"https:\/\/radiowebmx.com\/nota\/wp-json\/wp\/v2\/posts\/35784\/revisions\/35785"}],"wp:attachment":[{"href":"https:\/\/radiowebmx.com\/nota\/wp-json\/wp\/v2\/media?parent=35784"}],"wp:term":[{"taxonomy":"category","embeddable":true,"href":"https:\/\/radiowebmx.com\/nota\/wp-json\/wp\/v2\/categories?post=35784"},{"taxonomy":"post_tag","embeddable":true,"href":"https:\/\/radiowebmx.com\/nota\/wp-json\/wp\/v2\/tags?post=35784"}],"curies":[{"name":"wp","href":"https:\/\/api.w.org\/{rel}","templated":true}]}}