{"id":35781,"date":"2017-05-11T14:23:15","date_gmt":"2017-05-11T19:23:15","guid":{"rendered":"https:\/\/radiowebmx.com\/nota\/?p=35781"},"modified":"2017-05-11T14:33:00","modified_gmt":"2017-05-11T19:33:00","slug":"celebra-cofom-su-66-aniversario","status":"publish","type":"post","link":"https:\/\/radiowebmx.com\/nota\/celebra-cofom-su-66-aniversario\/","title":{"rendered":"Celebra Cofom su 66 aniversario"},"content":{"rendered":"<p><a href=\"https:\/\/radiowebmx.com\/nota\/wp-content\/uploads\/2017\/05\/5155c7af-55ba-458a-b4ff-46870acda8c6.jpg\"><img loading=\"lazy\" decoding=\"async\" class=\"alignnone size-medium wp-image-35782\" src=\"https:\/\/radiowebmx.com\/nota\/wp-content\/uploads\/2017\/05\/5155c7af-55ba-458a-b4ff-46870acda8c6-595x335.jpg\" alt=\"\" width=\"595\" height=\"335\" srcset=\"https:\/\/radiowebmx.com\/nota\/wp-content\/uploads\/2017\/05\/5155c7af-55ba-458a-b4ff-46870acda8c6-595x335.jpg 595w, https:\/\/radiowebmx.com\/nota\/wp-content\/uploads\/2017\/05\/5155c7af-55ba-458a-b4ff-46870acda8c6.jpg 709w\" sizes=\"auto, (max-width: 595px) 100vw, 595px\" \/><\/a><\/p>\n<p>&nbsp;<\/p>\n<p><strong>Morelia, Michoac\u00e1n, a 11 de mayo de 2017.-\u00a0<\/strong>La entidad ocupa el primer lugar nacional en la producci\u00f3n de resina y el tercer lugar en la producci\u00f3n maderable,\u00a0\u00a0generando empleos para m\u00e1s de 60 mil michoacanos y una derrama econ\u00f3mica del orden de los 2 mil 500 millones de pesos,\u00a0destac\u00f3 el director general de la Comisi\u00f3n Forestal del Estado de Michoac\u00e1n (Cofom), Roberto P\u00e9rez Medrano, en el marco del 66 aniversario de la instituci\u00f3n y del Segundo Seminario Estatal de los Recursos Forestales<\/p>\n<p>Subray\u00f3 que continuar\u00e1n las acciones desarrolladas por la Mesa de Seguridad Ambiental para frenar el cambio de uso de suelo,\u00a0\u00a0indic\u00f3 que revertir la tasa de deforestaci\u00f3n de la entidad e impulsar el desarrollo forestal sustentable son dos de los principales retos de la administraci\u00f3n que encabeza el Gobernador Silvano Aureoles Conejo.<\/p>\n<p>En este sentido, destac\u00f3 las acciones puestas en marcha para la protecci\u00f3n de los bosques michoacanos, como la creaci\u00f3n de la Mesa de Seguridad Ambiental, el fortalecimiento de la Fiscal\u00eda Especializada contra Delitos Ambientales, la operaci\u00f3n de la Polic\u00eda Ambiental, la implementaci\u00f3n del Pago de Servicios Ambientales y de proyectos productivos.<\/p>\n<p>Por su parte, el titular de la Secretar\u00eda de Recursos Naturales y Cambio Clim\u00e1tico, Ricardo Luna Garc\u00eda, dej\u00f3 en claro que continuar\u00e1n los operativos para preservar el medio ambiente y los recursos forestales.<\/p>\n<p>Asever\u00f3 que el gran reto es recuperar el entorno ante el cambio de uso de suelo, y resalt\u00f3 las acciones de la Mesa de Seguridad Ambiental, que han permitido con 19 operativos el desmonte de 260 hect\u00e1reas de aguacate y siete de durazno en varios municipios de la entidad.<\/p>\n<p>Durante el evento, al que asistieron autoridades de los tres \u00f3rdenes de gobierno y ex directores de la Cofom, se entregaron reconocimientos y premios a los tres primeros lugares del concurso infantil \u201cPor el Bosque\u201d, organizado por la dependencia estatal.<\/p>\n","protected":false},"excerpt":{"rendered":"<p>&nbsp; Morelia, Michoac\u00e1n, a 11 de mayo de 2017.-\u00a0La entidad ocupa el primer lugar nacional en la producci\u00f3n de resina y el tercer lugar en la producci\u00f3n maderable,\u00a0\u00a0generando empleos para m\u00e1s de 60 mil michoacanos y una derrama econ\u00f3mica del orden de los 2 mil 500 millones de pesos,\u00a0destac\u00f3 el director general de la Comisi\u00f3n [&hellip;]<\/p>\n","protected":false},"author":2,"featured_media":35782,"comment_status":"closed","ping_status":"closed","sticky":false,"template":"","format":"standard","meta":{"footnotes":""},"categories":[14,3],"tags":[],"class_list":["post-35781","post","type-post","status-publish","format-standard","has-post-thumbnail","hentry","category-destacadas","category-gobierno-del-estado-de-michoacan"],"_links":{"self":[{"href":"https:\/\/radiowebmx.com\/nota\/wp-json\/wp\/v2\/posts\/35781","targetHints":{"allow":["GET"]}}],"collection":[{"href":"https:\/\/radiowebmx.com\/nota\/wp-json\/wp\/v2\/posts"}],"about":[{"href":"https:\/\/radiowebmx.com\/nota\/wp-json\/wp\/v2\/types\/post"}],"author":[{"embeddable":true,"href":"https:\/\/radiowebmx.com\/nota\/wp-json\/wp\/v2\/users\/2"}],"replies":[{"embeddable":true,"href":"https:\/\/radiowebmx.com\/nota\/wp-json\/wp\/v2\/comments?post=35781"}],"version-history":[{"count":1,"href":"https:\/\/radiowebmx.com\/nota\/wp-json\/wp\/v2\/posts\/35781\/revisions"}],"predecessor-version":[{"id":35783,"href":"https:\/\/radiowebmx.com\/nota\/wp-json\/wp\/v2\/posts\/35781\/revisions\/35783"}],"wp:featuredmedia":[{"embeddable":true,"href":"https:\/\/radiowebmx.com\/nota\/wp-json\/wp\/v2\/media\/35782"}],"wp:attachment":[{"href":"https:\/\/radiowebmx.com\/nota\/wp-json\/wp\/v2\/media?parent=35781"}],"wp:term":[{"taxonomy":"category","embeddable":true,"href":"https:\/\/radiowebmx.com\/nota\/wp-json\/wp\/v2\/categories?post=35781"},{"taxonomy":"post_tag","embeddable":true,"href":"https:\/\/radiowebmx.com\/nota\/wp-json\/wp\/v2\/tags?post=35781"}],"curies":[{"name":"wp","href":"https:\/\/api.w.org\/{rel}","templated":true}]}}