{"id":35778,"date":"2017-05-11T14:01:04","date_gmt":"2017-05-11T19:01:04","guid":{"rendered":"https:\/\/radiowebmx.com\/nota\/?p=35778"},"modified":"2017-05-11T14:29:09","modified_gmt":"2017-05-11T19:29:09","slug":"festejan-a-mamas-artesanas-en-la-expo-fiesta-michoacan","status":"publish","type":"post","link":"https:\/\/radiowebmx.com\/nota\/festejan-a-mamas-artesanas-en-la-expo-fiesta-michoacan\/","title":{"rendered":"Festejan a mam\u00e1s artesanas en la Expo Fiesta Michoac\u00e1n"},"content":{"rendered":"<p><a href=\"https:\/\/radiowebmx.com\/nota\/wp-content\/uploads\/2017\/05\/3562aaa0-d510-4095-9fbf-3e268a231c96.jpg\"><img loading=\"lazy\" decoding=\"async\" class=\"alignnone size-medium wp-image-35779\" src=\"https:\/\/radiowebmx.com\/nota\/wp-content\/uploads\/2017\/05\/3562aaa0-d510-4095-9fbf-3e268a231c96-595x446.jpg\" alt=\"\" width=\"595\" height=\"446\" srcset=\"https:\/\/radiowebmx.com\/nota\/wp-content\/uploads\/2017\/05\/3562aaa0-d510-4095-9fbf-3e268a231c96-595x446.jpg 595w, https:\/\/radiowebmx.com\/nota\/wp-content\/uploads\/2017\/05\/3562aaa0-d510-4095-9fbf-3e268a231c96.jpg 709w\" sizes=\"auto, (max-width: 595px) 100vw, 595px\" \/><\/a><\/p>\n<p><strong>Morelia, Michoac\u00e1n, a 11 de mayo de 2017.-\u00a0<\/strong>Con motivo del D\u00eda de la Madre,\u00a0el Instituto del Artesano Michoacano (IAM), el Sistema DIF Michoac\u00e1n, la Secretar\u00eda de Desarrollo Econ\u00f3mico (Sedeco) y la Comisi\u00f3n de Ferias, Exposiciones y Eventos del Estado de Michoac\u00e1n (Cofeeem), ofrecieron un desayuno de platillos t\u00edpicos del estado para festejar a m\u00e1s de 140 artesanas de 32 comunidades de la entidad en las instalaciones del Recinto Ferial, sede de la Expo Fiesta Michoac\u00e1n<\/p>\n<p>El director general del IAM, Claudio M\u00e9ndez Fern\u00e1ndez, felicit\u00f3 a las mam\u00e1s artesanas y destac\u00f3 el papel que juegan para el desarrollo de su familia y de sus comunidades, as\u00ed como para mostrarle al mundo la riqueza cultural y las tradiciones de Michoac\u00e1n.<\/p>\n<p>En este tenor, invit\u00f3 a quienes asistan a la Expo Fiesta Michoac\u00e1n a adquirir las piezas que est\u00e1n a la exhibici\u00f3n y venta en el Pabell\u00f3n Artesanal.<\/p>\n<p>Por su parte, la directora general del Sistema DIF Michoac\u00e1n, Roc\u00edo Beamonte Romero, ratific\u00f3 el compromiso de la administraci\u00f3n estatal que encabeza el Gobernador Silvano Aureoles Conejo de atender las necesidades de las y los artesanos.<\/p>\n<p>De su lado, el titular de la Sedeco, Jes\u00fas Melgoza Vel\u00e1zquez, destac\u00f3 el valor de las artesanas como sustento de los hogares michoacanos y su aportaci\u00f3n al desarrollo econ\u00f3mico de la entidad.<\/p>\n<p>En tanto, el director general de la Cofeeem, Francisco Pedro Le\u00f3n, tambi\u00e9n felicit\u00f3 a las mam\u00e1s artesanas y reconoci\u00f3 el trabajo, dedicaci\u00f3n y cari\u00f1o que imprimen en sus creaciones.<\/p>\n<p>Durante el desayuno, que fue amenizado por la banda de m\u00fasica \u201cLa Consentida de Morelia\u201d, todas las mam\u00e1s artesanas recibieron un obsequio.<\/p>\n","protected":false},"excerpt":{"rendered":"<p>Morelia, Michoac\u00e1n, a 11 de mayo de 2017.-\u00a0Con motivo del D\u00eda de la Madre,\u00a0el Instituto del Artesano Michoacano (IAM), el Sistema DIF Michoac\u00e1n, la Secretar\u00eda de Desarrollo Econ\u00f3mico (Sedeco) y la Comisi\u00f3n de Ferias, Exposiciones y Eventos del Estado de Michoac\u00e1n (Cofeeem), ofrecieron un desayuno de platillos t\u00edpicos del estado para festejar a m\u00e1s de [&hellip;]<\/p>\n","protected":false},"author":2,"featured_media":35779,"comment_status":"closed","ping_status":"closed","sticky":false,"template":"","format":"standard","meta":{"footnotes":""},"categories":[14,3],"tags":[],"class_list":["post-35778","post","type-post","status-publish","format-standard","has-post-thumbnail","hentry","category-destacadas","category-gobierno-del-estado-de-michoacan"],"_links":{"self":[{"href":"https:\/\/radiowebmx.com\/nota\/wp-json\/wp\/v2\/posts\/35778","targetHints":{"allow":["GET"]}}],"collection":[{"href":"https:\/\/radiowebmx.com\/nota\/wp-json\/wp\/v2\/posts"}],"about":[{"href":"https:\/\/radiowebmx.com\/nota\/wp-json\/wp\/v2\/types\/post"}],"author":[{"embeddable":true,"href":"https:\/\/radiowebmx.com\/nota\/wp-json\/wp\/v2\/users\/2"}],"replies":[{"embeddable":true,"href":"https:\/\/radiowebmx.com\/nota\/wp-json\/wp\/v2\/comments?post=35778"}],"version-history":[{"count":1,"href":"https:\/\/radiowebmx.com\/nota\/wp-json\/wp\/v2\/posts\/35778\/revisions"}],"predecessor-version":[{"id":35780,"href":"https:\/\/radiowebmx.com\/nota\/wp-json\/wp\/v2\/posts\/35778\/revisions\/35780"}],"wp:featuredmedia":[{"embeddable":true,"href":"https:\/\/radiowebmx.com\/nota\/wp-json\/wp\/v2\/media\/35779"}],"wp:attachment":[{"href":"https:\/\/radiowebmx.com\/nota\/wp-json\/wp\/v2\/media?parent=35778"}],"wp:term":[{"taxonomy":"category","embeddable":true,"href":"https:\/\/radiowebmx.com\/nota\/wp-json\/wp\/v2\/categories?post=35778"},{"taxonomy":"post_tag","embeddable":true,"href":"https:\/\/radiowebmx.com\/nota\/wp-json\/wp\/v2\/tags?post=35778"}],"curies":[{"name":"wp","href":"https:\/\/api.w.org\/{rel}","templated":true}]}}